{"id":319355,"date":"2024-01-12T11:52:15","date_gmt":"2024-01-12T08:52:15","guid":{"rendered":"https:\/\/sana.sy\/es\/?p=319355"},"modified":"2024-01-12T13:44:06","modified_gmt":"2024-01-12T10:44:06","slug":"agresion-estadounidense-britanico-contra-varias-provincias-de-yemen","status":"publish","type":"post","link":"https:\/\/archive.sana.sy\/es\/?p=319355","title":{"rendered":"Agresi\u00f3n estadounidense-brit\u00e1nica contra varias provincias de Yemen"},"content":{"rendered":"<blockquote>\n<p style=\"text-align: justify;\"><span style=\"color: #ff6600;\"><strong>El canal estadounidense (Fox 5) inform\u00f3 que los manifestantes frente a la Casa Blanca coreaban: \u201cViva Yemen\u201d y \u201cLevanten las manos de Yemen\u201d, as\u00ed como proyect\u00f3 video de los manifestantes que portan banderas palestinas y corean consignas para la liberaci\u00f3n de Palestina.<\/strong><\/span><\/p>\n<\/blockquote>\n<p style=\"text-align: justify;\"><span style=\"color: #800000;\"><strong>San\u00e1, 12 ene (SANA)<\/strong><\/span> La capital San\u00e1 y varias provincias yemen\u00edes fueron blanco este viernes de una agresi\u00f3n a\u00e9rea por parte de Estados Unidos y Reino Unido.<\/p>\n<p style=\"text-align: justify;\">Seg\u00fan los medios de prensa yemen\u00edes, la agresi\u00f3n estadounidense-brit\u00e1nico apunt\u00f3 contra San\u00e1 y las gobernaciones de Al-Hudaydah, Saada y Dhamar.<\/p>\n<p style=\"text-align: justify;\">\u201cLos cazas de EE.UU. y Reino Unido realizaron cuatro ataques a la base a\u00e9rea de Al-Dailami, al norte de San\u00e1\u201d, destacaron los medios.<\/p>\n<p style=\"text-align: justify;\">Asimismo, los cazas de Washington y Londres llevaron a cabo varias incursiones en los alrededores del aeropuerto de Al-Hudaydah, el municipio de Zabid, el campamento Kahlan al este de Saada, el aeropuerto de Taiz y el campamento de la Brigada 22 en la localidad de Al-Taazia, as\u00ed como el aeropuerto Abes en la provincia de Hajjah.<\/p>\n<p style=\"text-align: justify;\"><strong><span style=\"color: #0000ff;\">Manifestaciones en Washington y NY contra los ataques a Yemen<\/span><\/strong><\/p>\n<p style=\"text-align: justify;\">En este contexto, manifestantes se congregaron frente a la Casa Blanca y en la plaza Times Square, Nueva York, para expresar su rechazo a la agresi\u00f3n estadounidense en Yemen.<\/p>\n<p style=\"text-align: justify;\">Seg\u00fan Reuters, los manifestantes en Times Square corearon consignas de protesta contra la agresi\u00f3n y levantaron pancartas que dec\u00edan: (Levanten sus manos de Yemen) y (Levantes sus manos de Oriente Medio y Gaza).<img loading=\"lazy\" decoding=\"async\" class=\"size-medium wp-image-319365 alignright\" src=\"http:\/\/sana.sy\/es\/wp-content\/uploads\/2024\/01\/Manifestaciones-en-Washington-y-NY-contra-los-ataques-a-Yemen-300x225.jpeg\" alt=\"\" width=\"300\" height=\"225\" srcset=\"https:\/\/archive.sana.sy\/es\/wp-content\/uploads\/2024\/01\/Manifestaciones-en-Washington-y-NY-contra-los-ataques-a-Yemen-300x225.jpeg 300w, https:\/\/archive.sana.sy\/es\/wp-content\/uploads\/2024\/01\/Manifestaciones-en-Washington-y-NY-contra-los-ataques-a-Yemen-1024x768.jpeg 1024w, https:\/\/archive.sana.sy\/es\/wp-content\/uploads\/2024\/01\/Manifestaciones-en-Washington-y-NY-contra-los-ataques-a-Yemen-150x113.jpeg 150w, https:\/\/archive.sana.sy\/es\/wp-content\/uploads\/2024\/01\/Manifestaciones-en-Washington-y-NY-contra-los-ataques-a-Yemen-768x576.jpeg 768w, https:\/\/archive.sana.sy\/es\/wp-content\/uploads\/2024\/01\/Manifestaciones-en-Washington-y-NY-contra-los-ataques-a-Yemen.jpeg 1280w\" sizes=\"(max-width: 300px) 100vw, 300px\" \/><\/p>\n<p style=\"text-align: justify;\">La parte organizadora de la protesta consider\u00f3 que la agresi\u00f3n constituye una escalada peligrosa que podr\u00eda llevar a una guerra regional.<\/p>\n<p style=\"text-align: justify;\">Mientras tanto, el canal estadounidense (Fox 5) inform\u00f3 que los manifestantes frente a la Casa Blanca coreaban: \u201cViva Yemen\u201d y \u201cLevanten las manos de Yemen\u201d, as\u00ed como se proyect\u00f3 video de los manifestantes que portan banderas palestinas y corean consignas para la liberaci\u00f3n de Palestina.<\/p>\n<p style=\"text-align: justify;\"><em><strong>ah\/fm<\/strong><\/em><\/p>\n","protected":false},"excerpt":{"rendered":"<p>El canal estadounidense (Fox 5) inform\u00f3 que los manifestantes frente a la Casa Blanca coreaban: \u201cViva Yemen\u201d y \u201cLevanten las manos de Yemen\u201d, as\u00ed como proyect\u00f3 video de los manifestantes que portan banderas palestinas y corean consignas para la liberaci\u00f3n de Palestina. San\u00e1, 12 ene (SANA) La capital San\u00e1 y varias provincias yemen\u00edes fueron blanco &hellip;<\/p>\n","protected":false},"author":30,"featured_media":319366,"comment_status":"closed","ping_status":"closed","sticky":false,"template":"","format":"standard","meta":{"footnotes":""},"categories":[597,456,20724,583],"tags":[],"class_list":["post-319355","post","type-post","status-publish","format-standard","has-post-thumbnail","","category-cinta-de-noticias","category-arabe-internacional-politica","category-minuto-a-minuto","category-slide"],"_links":{"self":[{"href":"https:\/\/archive.sana.sy\/es\/index.php?rest_route=\/wp\/v2\/posts\/319355"}],"collection":[{"href":"https:\/\/archive.sana.sy\/es\/index.php?rest_route=\/wp\/v2\/posts"}],"about":[{"href":"https:\/\/archive.sana.sy\/es\/index.php?rest_route=\/wp\/v2\/types\/post"}],"author":[{"embeddable":true,"href":"https:\/\/archive.sana.sy\/es\/index.php?rest_route=\/wp\/v2\/users\/30"}],"replies":[{"embeddable":true,"href":"https:\/\/archive.sana.sy\/es\/index.php?rest_route=%2Fwp%2Fv2%2Fcomments&post=319355"}],"version-history":[{"count":4,"href":"https:\/\/archive.sana.sy\/es\/index.php?rest_route=\/wp\/v2\/posts\/319355\/revisions"}],"predecessor-version":[{"id":319378,"href":"https:\/\/archive.sana.sy\/es\/index.php?rest_route=\/wp\/v2\/posts\/319355\/revisions\/319378"}],"wp:featuredmedia":[{"embeddable":true,"href":"https:\/\/archive.sana.sy\/es\/index.php?rest_route=\/wp\/v2\/media\/319366"}],"wp:attachment":[{"href":"https:\/\/archive.sana.sy\/es\/index.php?rest_route=%2Fwp%2Fv2%2Fmedia&parent=319355"}],"wp:term":[{"taxonomy":"category","embeddable":true,"href":"https:\/\/archive.sana.sy\/es\/index.php?rest_route=%2Fwp%2Fv2%2Fcategories&post=319355"},{"taxonomy":"post_tag","embeddable":true,"href":"https:\/\/archive.sana.sy\/es\/index.php?rest_route=%2Fwp%2Fv2%2Ftags&post=319355"}],"curies":[{"name":"wp","href":"https:\/\/api.w.org\/{rel}","templated":true}]}}