{"id":319386,"date":"2024-01-12T15:03:50","date_gmt":"2024-01-12T12:03:50","guid":{"rendered":"https:\/\/sana.sy\/es\/?p=319386"},"modified":"2024-01-12T15:03:50","modified_gmt":"2024-01-12T12:03:50","slug":"siria-condena-agresion-de-eeuu-y-reino-unido-contra-yemen","status":"publish","type":"post","link":"https:\/\/archive.sana.sy\/es\/?p=319386","title":{"rendered":"Siria condena agresi\u00f3n de EEUU y Reino Unido contra Yemen"},"content":{"rendered":"<p style=\"text-align: justify;\"><span style=\"color: #800000;\"><strong>Damasco, 12 ene (SANA)<\/strong> <\/span>El Gobierno sirio conden\u00f3 hoy los ataques a\u00e9reos estadounidenses y brit\u00e1nicos contra ciudades yemen\u00edes, y los tach\u00f3 de una agresi\u00f3n contra el pueblo yemen\u00ed y una amenaza para la seguridad y la estabilidad de la regi\u00f3n, y tambi\u00e9n para la libertad de navegaci\u00f3n en el Mar Rojo.<\/p>\n<p style=\"text-align: justify;\">Siria considera esta agresi\u00f3n un intento desesperado para desviar la atenci\u00f3n de la opini\u00f3n p\u00fablica mundial de los cr\u00edmenes de guerra cometidos por \u201cIsrael\u201d contra el pueblo palestino, afirm\u00f3 un comunicado del Ministerio de Asuntos Exteriores y Expatriados.<\/p>\n<p style=\"text-align: justify;\">La nota asegur\u00f3 que estos ataques confirman una vez m\u00e1s que Estados Unidos y Gran Breta\u00f1a son c\u00f3mplices en la agresi\u00f3n israel\u00ed contra el pueblo palestino.<\/p>\n<p style=\"text-align: justify;\">Asimismo, critic\u00f3 las declaraciones de los representantes de la administraci\u00f3n estadounidense que se designaron abogados de las autoridades de ocupaci\u00f3n israel\u00edes y mostraron desprecio al Derecho Internacional e indiferencia ante las brutales masacres y los cr\u00edmenes de guerra y lesa humanidad cometidos por \u201cIsrael\u201d.<\/p>\n<p style=\"text-align: justify;\">Es condenable el descarado empe\u00f1o de los funcionarios estadounidenses para que Israel se escape del castigo, precis\u00f3 el texto.<\/p>\n<p style=\"text-align: justify;\">fm\/sm<\/p>\n","protected":false},"excerpt":{"rendered":"<p>Damasco, 12 ene (SANA) El Gobierno sirio conden\u00f3 hoy los ataques a\u00e9reos estadounidenses y brit\u00e1nicos contra ciudades yemen\u00edes, y los tach\u00f3 de una agresi\u00f3n contra el pueblo yemen\u00ed y una amenaza para la seguridad y la estabilidad de la regi\u00f3n, y tambi\u00e9n para la libertad de navegaci\u00f3n en el Mar Rojo. Siria considera esta agresi\u00f3n &hellip;<\/p>\n","protected":false},"author":39,"featured_media":319387,"comment_status":"closed","ping_status":"closed","sticky":false,"template":"","format":"standard","meta":{"footnotes":""},"categories":[477,597,20724,467,583],"tags":[],"class_list":["post-319386","post","type-post","status-publish","format-standard","has-post-thumbnail","","category-noticias-edulcorantes","category-cinta-de-noticias","category-minuto-a-minuto","category-siria-y-el-mundo","category-slide"],"_links":{"self":[{"href":"https:\/\/archive.sana.sy\/es\/index.php?rest_route=\/wp\/v2\/posts\/319386"}],"collection":[{"href":"https:\/\/archive.sana.sy\/es\/index.php?rest_route=\/wp\/v2\/posts"}],"about":[{"href":"https:\/\/archive.sana.sy\/es\/index.php?rest_route=\/wp\/v2\/types\/post"}],"author":[{"embeddable":true,"href":"https:\/\/archive.sana.sy\/es\/index.php?rest_route=\/wp\/v2\/users\/39"}],"replies":[{"embeddable":true,"href":"https:\/\/archive.sana.sy\/es\/index.php?rest_route=%2Fwp%2Fv2%2Fcomments&post=319386"}],"version-history":[{"count":1,"href":"https:\/\/archive.sana.sy\/es\/index.php?rest_route=\/wp\/v2\/posts\/319386\/revisions"}],"predecessor-version":[{"id":319388,"href":"https:\/\/archive.sana.sy\/es\/index.php?rest_route=\/wp\/v2\/posts\/319386\/revisions\/319388"}],"wp:featuredmedia":[{"embeddable":true,"href":"https:\/\/archive.sana.sy\/es\/index.php?rest_route=\/wp\/v2\/media\/319387"}],"wp:attachment":[{"href":"https:\/\/archive.sana.sy\/es\/index.php?rest_route=%2Fwp%2Fv2%2Fmedia&parent=319386"}],"wp:term":[{"taxonomy":"category","embeddable":true,"href":"https:\/\/archive.sana.sy\/es\/index.php?rest_route=%2Fwp%2Fv2%2Fcategories&post=319386"},{"taxonomy":"post_tag","embeddable":true,"href":"https:\/\/archive.sana.sy\/es\/index.php?rest_route=%2Fwp%2Fv2%2Ftags&post=319386"}],"curies":[{"name":"wp","href":"https:\/\/api.w.org\/{rel}","templated":true}]}}