{"id":319391,"date":"2024-01-12T15:39:59","date_gmt":"2024-01-12T12:39:59","guid":{"rendered":"https:\/\/sana.sy\/es\/?p=319391"},"modified":"2024-01-12T15:39:59","modified_gmt":"2024-01-12T12:39:59","slug":"genocidio-en-gaza-claves-de-la-audiencia-contra-israel-en-la-cij","status":"publish","type":"post","link":"https:\/\/archive.sana.sy\/es\/?p=319391","title":{"rendered":"Genocidio en Gaza: claves de la audiencia contra &#8220;Israel&#8221; en la CIJ"},"content":{"rendered":"<p style=\"text-align: justify;\"><span style=\"color: #800000;\"><strong>Damasco, 12 ene (SANA)<\/strong> <\/span>La Corte Internacional de Justicia (CIJ) revisa en audiencia la acusaci\u00f3n de Sud\u00e1frica contra Israel por cometer un genocidio en Gaza, un se\u00f1alamiento que remarca los desplazamientos, asesinatos y da\u00f1o f\u00edsico y mental de civiles.<\/p>\n<p>Los primeros encuentros, que iniciaron la v\u00edspera y continuar\u00e1n el viernes, podr\u00edan llevar al tribunal a ordenar a la naci\u00f3n ocupante el cese de los combates mientras investiga el fondo del asunto.<\/p>\n<p style=\"text-align: justify;\">En la primera jornada, un equipo de expertos sudafricanos insisti\u00f3 en la intenci\u00f3n genocida de las hostilidades contra los palestinos en la Franja al reconocer la brutalidad en la conducci\u00f3n de los ataques militares.<\/p>\n<p style=\"text-align: justify;\">Israel mantiene un patr\u00f3n de conducta genocida con asesinatos en masa, desplazamientos forzados y da\u00f1o f\u00edsico o mental grave de los civiles palestinos, asegur\u00f3 Tembeka Ngcukaitobi, uno de los abogados de la naci\u00f3n africana.<\/p>\n<p style=\"text-align: justify;\">Su intenci\u00f3n genocida tiene sus ra\u00edces en la creencia de que el enemigo no es s\u00f3lo el ala militar de Hamas, o incluso Hamas en general, sino que est\u00e1 incrustado en el tejido de la vida palestina en Gaza.<\/p>\n<p style=\"text-align: justify;\">El 7 de octubre en una declaraci\u00f3n televisada, el primer ministro, Benjamin Netanyahu, declar\u00f3 la guerra a Gaza asegurando que: \u201cIsrael ha empezado a limpiar las comunidades que han sido infiltradas por el terrorismo\u201d, agreg\u00f3.<\/p>\n<p style=\"text-align: justify;\">A juicio del letrado, los actos genocidas no son marginales, y est\u00e1n incorporados en la pol\u00edtica estatal como prueba el lenguaje de deshumanizaci\u00f3n sistem\u00e1tico usado por altos cargos israel\u00edes para calificar a los palestinos de Gaza como \u00abanimales humanos\u00bb.<\/p>\n<p style=\"text-align: justify;\">Ngcukaitobi consider\u00f3 extraordinario para el caso que los l\u00edderes pol\u00edticos israel\u00edes, comandantes militares, y otros cargos oficiales declaren p\u00fablicamente su intenci\u00f3n genocida de forma sistem\u00e1tica y expl\u00edcita, un modelo que repiten los soldados sobre el terreno, advirti\u00f3.<\/p>\n<p style=\"text-align: justify;\">El proceso permanece en el foco de atenci\u00f3n mientras las autoridades israel\u00edes niegan las acusaciones y esperan presentar su defensa el viernes.<\/p>\n<p style=\"text-align: justify;\">Sin embargo, un comunicado emitido por una treintena de relatores y expertos independientes de Naciones Unidas salud\u00f3 el inicio de las audiencias y record\u00f3 que cualquier decisi\u00f3n que adopte la Corte con medidas provisionales debe ser respetada y aplicada por las partes.<\/p>\n<p style=\"text-align: justify;\">Tambi\u00e9n conocida como la Corte Mundial, el tribunal es uno de los seis \u00f3rganos principales de las Naciones Unidas y fue creado en 1945 con el fin de resolver litigios entre estados en la ciudad de La Haya, Pa\u00edses Bajos.<\/p>\n<p style=\"text-align: justify;\">Sus decisiones son definitivas, vinculantes e inapelables, remarc\u00f3 el texto emitido que consider\u00f3 la ofensiva de Israel como una violaci\u00f3n con inmunidad de los derechos de los civiles dentro del enclave.<\/p>\n<p style=\"text-align: justify;\">\u00abLa adhesi\u00f3n de las partes implicadas a cualquier orden que dicte la Corte es imperativa para proteger los derechos de los palestinos y reforzar la primac\u00eda del derecho internacional\u00bb, coincidieron los expertos.<\/p>\n<p style=\"text-align: justify;\">Las cifras de muertes en la Franja desde el 7 de octubre superan las 23 mil mientras que cerca de 60 mil palestinos resultaron heridos, y m\u00e1s del 85 por ciento de su poblaci\u00f3n est\u00e1 desplazada.<\/p>\n<p style=\"text-align: justify;\">Naciones Unidas estima que m\u00e1s de un mill\u00f3n pasa hambre mientras se propagan enfermedades y la entrada de ayuda humanitaria se ve limitada por la trabas impuestas por Israel.<\/p>\n<p style=\"text-align: justify;\">La Convenci\u00f3n sobre el Genocidio, aprobada en 1948, define la comisi\u00f3n de ese crimen cuando se tiene la intenci\u00f3n de destruir total o parcialmente a un grupo nacional, \u00e9tnico, racial o religioso.<\/p>\n<p style=\"text-align: justify;\">Los actos pueden incluir la matanza, atentado grave contra la integridad f\u00edsica o mental o el sometimiento intencional del grupo a condiciones de existencia que hayan de acarrear su destrucci\u00f3n f\u00edsica total o parcial.<\/p>\n<p style=\"text-align: justify;\">Asimismo reconoce como genocidio la adopci\u00f3n de medidas destinadas a impedir los nacimientos en el seno del grupo o los traslados forzosos de menores.<\/p>\n<p style=\"text-align: justify;\">El t\u00e9rmino fue acu\u00f1ado y definido por primera vez por el jurista jud\u00edo-polaco Raphael Lemkin, quien en 1939 huy\u00f3 del holocausto y encontr\u00f3 asilo en Estados Unidos.<\/p>\n<p style=\"text-align: justify;\">Por Elizabeth Borrego Rodriguez<br \/>\nFuente: Prensa Latina<\/p>\n","protected":false},"excerpt":{"rendered":"<p>Damasco, 12 ene (SANA) La Corte Internacional de Justicia (CIJ) revisa en audiencia la acusaci\u00f3n de Sud\u00e1frica contra Israel por cometer un genocidio en Gaza, un se\u00f1alamiento que remarca los desplazamientos, asesinatos y da\u00f1o f\u00edsico y mental de civiles. Los primeros encuentros, que iniciaron la v\u00edspera y continuar\u00e1n el viernes, podr\u00edan llevar al tribunal a &hellip;<\/p>\n","protected":false},"author":39,"featured_media":319392,"comment_status":"closed","ping_status":"closed","sticky":false,"template":"","format":"standard","meta":{"footnotes":""},"categories":[597,456,16687,20724,7541],"tags":[],"class_list":["post-319391","post","type-post","status-publish","format-standard","has-post-thumbnail","","category-cinta-de-noticias","category-arabe-internacional-politica","category-internacionales","category-minuto-a-minuto","category-ultimas-noticias"],"_links":{"self":[{"href":"https:\/\/archive.sana.sy\/es\/index.php?rest_route=\/wp\/v2\/posts\/319391"}],"collection":[{"href":"https:\/\/archive.sana.sy\/es\/index.php?rest_route=\/wp\/v2\/posts"}],"about":[{"href":"https:\/\/archive.sana.sy\/es\/index.php?rest_route=\/wp\/v2\/types\/post"}],"author":[{"embeddable":true,"href":"https:\/\/archive.sana.sy\/es\/index.php?rest_route=\/wp\/v2\/users\/39"}],"replies":[{"embeddable":true,"href":"https:\/\/archive.sana.sy\/es\/index.php?rest_route=%2Fwp%2Fv2%2Fcomments&post=319391"}],"version-history":[{"count":1,"href":"https:\/\/archive.sana.sy\/es\/index.php?rest_route=\/wp\/v2\/posts\/319391\/revisions"}],"predecessor-version":[{"id":319393,"href":"https:\/\/archive.sana.sy\/es\/index.php?rest_route=\/wp\/v2\/posts\/319391\/revisions\/319393"}],"wp:featuredmedia":[{"embeddable":true,"href":"https:\/\/archive.sana.sy\/es\/index.php?rest_route=\/wp\/v2\/media\/319392"}],"wp:attachment":[{"href":"https:\/\/archive.sana.sy\/es\/index.php?rest_route=%2Fwp%2Fv2%2Fmedia&parent=319391"}],"wp:term":[{"taxonomy":"category","embeddable":true,"href":"https:\/\/archive.sana.sy\/es\/index.php?rest_route=%2Fwp%2Fv2%2Fcategories&post=319391"},{"taxonomy":"post_tag","embeddable":true,"href":"https:\/\/archive.sana.sy\/es\/index.php?rest_route=%2Fwp%2Fv2%2Ftags&post=319391"}],"curies":[{"name":"wp","href":"https:\/\/api.w.org\/{rel}","templated":true}]}}