{"id":319400,"date":"2024-01-12T17:10:33","date_gmt":"2024-01-12T14:10:33","guid":{"rendered":"https:\/\/sana.sy\/es\/?p=319400"},"modified":"2024-01-12T17:35:39","modified_gmt":"2024-01-12T14:35:39","slug":"151-muertos-y-248-heridos-palestinos-en-el-dia-98-de-la-agresion-israeli-a-gaza","status":"publish","type":"post","link":"https:\/\/archive.sana.sy\/es\/?p=319400","title":{"rendered":"151 muertos y 248 heridos palestinos en el d\u00eda 98 de la agresi\u00f3n israel\u00ed a Gaza"},"content":{"rendered":"<p style=\"text-align: justify;\"><span style=\"color: #800000;\"><strong>Jerusal\u00e9n ocupada, 12 ene (SANA) <\/strong><\/span>El Ministerio de Salud palestino anunci\u00f3 que el ocupante israel\u00ed cometi\u00f3 13 masacres durante las \u00faltimas 24 horas, lo que provoc\u00f3 la muerte de 151 personas y heridas de 248.<\/p>\n<p style=\"text-align: justify;\">La entidad revel\u00f3 que el ocupante sionista intensific\u00f3 su agresi\u00f3n en m\u00faltiples formas, incluidas ejecuciones sobre el terreno, masacres, genocidio y aniquilaci\u00f3n de barrios residenciales, elevando el n\u00famero de v\u00edctimas de la agresi\u00f3n en curso por 98 d\u00edas contra Gaza a 23.708 muertos y 60.005 heridos.<\/p>\n<p style=\"text-align: justify;\">Asimismo, al menos seis palestinos fueron asesinados y varios otros resultaron heridos como resultado del bombardeo de cazas israel\u00edes contra una casa cerca del Hospital de los M\u00e1rtires de Al-Aqsa en Deir al-Balah, en el centro de la Franja de Gaza, y tres palestinos perdieron la vida debido a bombardeos de artiller\u00eda israel\u00ed a viviendas al sur de la ciudad de Gaza.<\/p>\n<p style=\"text-align: justify;\">De igual manera, en la ciudad de Khan Yunis y en el barrio Al-Sabra, en la Faja de Gaza, varias personas resultaron muertas y heridas por ataques de los aviones militares del ocupante sobre a \u00e1reas residenciales.<\/p>\n<p style=\"text-align: justify;\">sm\/fm<\/p>\n","protected":false},"excerpt":{"rendered":"<p>Jerusal\u00e9n ocupada, 12 ene (SANA) El Ministerio de Salud palestino anunci\u00f3 que el ocupante israel\u00ed cometi\u00f3 13 masacres durante las \u00faltimas 24 horas, lo que provoc\u00f3 la muerte de 151 personas y heridas de 248. La entidad revel\u00f3 que el ocupante sionista intensific\u00f3 su agresi\u00f3n en m\u00faltiples formas, incluidas ejecuciones sobre el terreno, masacres, genocidio &hellip;<\/p>\n","protected":false},"author":39,"featured_media":319401,"comment_status":"closed","ping_status":"closed","sticky":false,"template":"","format":"standard","meta":{"footnotes":""},"categories":[597,456,16687,20724,583],"tags":[],"class_list":["post-319400","post","type-post","status-publish","format-standard","has-post-thumbnail","","category-cinta-de-noticias","category-arabe-internacional-politica","category-internacionales","category-minuto-a-minuto","category-slide"],"_links":{"self":[{"href":"https:\/\/archive.sana.sy\/es\/index.php?rest_route=\/wp\/v2\/posts\/319400"}],"collection":[{"href":"https:\/\/archive.sana.sy\/es\/index.php?rest_route=\/wp\/v2\/posts"}],"about":[{"href":"https:\/\/archive.sana.sy\/es\/index.php?rest_route=\/wp\/v2\/types\/post"}],"author":[{"embeddable":true,"href":"https:\/\/archive.sana.sy\/es\/index.php?rest_route=\/wp\/v2\/users\/39"}],"replies":[{"embeddable":true,"href":"https:\/\/archive.sana.sy\/es\/index.php?rest_route=%2Fwp%2Fv2%2Fcomments&post=319400"}],"version-history":[{"count":1,"href":"https:\/\/archive.sana.sy\/es\/index.php?rest_route=\/wp\/v2\/posts\/319400\/revisions"}],"predecessor-version":[{"id":319402,"href":"https:\/\/archive.sana.sy\/es\/index.php?rest_route=\/wp\/v2\/posts\/319400\/revisions\/319402"}],"wp:featuredmedia":[{"embeddable":true,"href":"https:\/\/archive.sana.sy\/es\/index.php?rest_route=\/wp\/v2\/media\/319401"}],"wp:attachment":[{"href":"https:\/\/archive.sana.sy\/es\/index.php?rest_route=%2Fwp%2Fv2%2Fmedia&parent=319400"}],"wp:term":[{"taxonomy":"category","embeddable":true,"href":"https:\/\/archive.sana.sy\/es\/index.php?rest_route=%2Fwp%2Fv2%2Fcategories&post=319400"},{"taxonomy":"post_tag","embeddable":true,"href":"https:\/\/archive.sana.sy\/es\/index.php?rest_route=%2Fwp%2Fv2%2Ftags&post=319400"}],"curies":[{"name":"wp","href":"https:\/\/api.w.org\/{rel}","templated":true}]}}