{"id":319421,"date":"2024-01-13T08:54:46","date_gmt":"2024-01-13T05:54:46","guid":{"rendered":"https:\/\/sana.sy\/es\/?p=319421"},"modified":"2024-01-13T08:54:46","modified_gmt":"2024-01-13T05:54:46","slug":"rusia-en-la-onu-un-desplazamiento-forzado-de-los-palestinos-augura-consecuencias-nefastas-para-el-mundo","status":"publish","type":"post","link":"https:\/\/archive.sana.sy\/es\/?p=319421","title":{"rendered":"Rusia en la ONU: un desplazamiento forzado de los palestinos augura consecuencias nefastas para el mundo"},"content":{"rendered":"<p style=\"text-align: justify;\"><span style=\"color: #800000;\"><strong>Nueva York, 13 ene (SANA)<\/strong><\/span> El representante permanente de Rusia ante la ONU, Vasili Nebenzia, declar\u00f3 hoy que la inundaci\u00f3n de t\u00faneles en la Franja de Gaza puede ser considerada genocidio.<\/p>\n<p style=\"text-align: justify;\">En una reuni\u00f3n del Consejo de Seguridad sobre la situaci\u00f3n en Oriente Medio, el diplom\u00e1tico ruso, explic\u00f3 las consecuencias de la contaminaci\u00f3n de las aguas subterr\u00e1neas -\u00fanica fuente de abastecimiento de agua dulce para la poblaci\u00f3n de Gaza- persistir\u00e1n durante siglos.<\/p>\n<p style=\"text-align: justify;\">&#8220;La aplicaci\u00f3n de estos planes amenaza no solo con un desastre ecol\u00f3gico a gran escala, sino que tambi\u00e9n har\u00e1 que el territorio del enclave sea pr\u00e1cticamente inhabitable&#8221;, declar\u00f3 Nebenzia citado por la cadena RT.<\/p>\n<p style=\"text-align: justify;\">Por otro lado, consider\u00f3 que \u201cIsrael\u201d hace la vida imposible en Gaza, y un desplazamiento forzado augura consecuencias nefastas para la regi\u00f3n y el mundo.<\/p>\n<p style=\"text-align: justify;\">&#8220;Despu\u00e9s de 100 d\u00edas de guerra en Gaza, Estados Unidos y sus aliados est\u00e1n ampliando la guerra en la regi\u00f3n a Yemen, amenazando con consecuencias nefastas&#8221;, denunci\u00f3 el delegado ruso.<\/p>\n<p style=\"text-align: justify;\"><em><strong>fm\/ah<\/strong><\/em><\/p>\n","protected":false},"excerpt":{"rendered":"<p>Nueva York, 13 ene (SANA) El representante permanente de Rusia ante la ONU, Vasili Nebenzia, declar\u00f3 hoy que la inundaci\u00f3n de t\u00faneles en la Franja de Gaza puede ser considerada genocidio. En una reuni\u00f3n del Consejo de Seguridad sobre la situaci\u00f3n en Oriente Medio, el diplom\u00e1tico ruso, explic\u00f3 las consecuencias de la contaminaci\u00f3n de las &hellip;<\/p>\n","protected":false},"author":30,"featured_media":319422,"comment_status":"closed","ping_status":"closed","sticky":false,"template":"","format":"standard","meta":{"footnotes":""},"categories":[597,456,20724,7541],"tags":[],"class_list":["post-319421","post","type-post","status-publish","format-standard","has-post-thumbnail","","category-cinta-de-noticias","category-arabe-internacional-politica","category-minuto-a-minuto","category-ultimas-noticias"],"_links":{"self":[{"href":"https:\/\/archive.sana.sy\/es\/index.php?rest_route=\/wp\/v2\/posts\/319421"}],"collection":[{"href":"https:\/\/archive.sana.sy\/es\/index.php?rest_route=\/wp\/v2\/posts"}],"about":[{"href":"https:\/\/archive.sana.sy\/es\/index.php?rest_route=\/wp\/v2\/types\/post"}],"author":[{"embeddable":true,"href":"https:\/\/archive.sana.sy\/es\/index.php?rest_route=\/wp\/v2\/users\/30"}],"replies":[{"embeddable":true,"href":"https:\/\/archive.sana.sy\/es\/index.php?rest_route=%2Fwp%2Fv2%2Fcomments&post=319421"}],"version-history":[{"count":1,"href":"https:\/\/archive.sana.sy\/es\/index.php?rest_route=\/wp\/v2\/posts\/319421\/revisions"}],"predecessor-version":[{"id":319423,"href":"https:\/\/archive.sana.sy\/es\/index.php?rest_route=\/wp\/v2\/posts\/319421\/revisions\/319423"}],"wp:featuredmedia":[{"embeddable":true,"href":"https:\/\/archive.sana.sy\/es\/index.php?rest_route=\/wp\/v2\/media\/319422"}],"wp:attachment":[{"href":"https:\/\/archive.sana.sy\/es\/index.php?rest_route=%2Fwp%2Fv2%2Fmedia&parent=319421"}],"wp:term":[{"taxonomy":"category","embeddable":true,"href":"https:\/\/archive.sana.sy\/es\/index.php?rest_route=%2Fwp%2Fv2%2Fcategories&post=319421"},{"taxonomy":"post_tag","embeddable":true,"href":"https:\/\/archive.sana.sy\/es\/index.php?rest_route=%2Fwp%2Fv2%2Ftags&post=319421"}],"curies":[{"name":"wp","href":"https:\/\/api.w.org\/{rel}","templated":true}]}}