{"id":319445,"date":"2024-01-13T14:02:20","date_gmt":"2024-01-13T11:02:20","guid":{"rendered":"https:\/\/sana.sy\/es\/?p=319445"},"modified":"2024-01-13T14:03:41","modified_gmt":"2024-01-13T11:03:41","slug":"casi-24-mil-muertos-y-mas-de-60-mil-heridos-por-la-agresion-israeli-a-gaza","status":"publish","type":"post","link":"https:\/\/archive.sana.sy\/es\/?p=319445","title":{"rendered":"Casi 24 mil muertos y m\u00e1s de 60 mil heridos por la agresi\u00f3n israel\u00ed a Gaza"},"content":{"rendered":"<p style=\"text-align: justify;\"><span style=\"color: #800000;\"><strong>Jerusal\u00e9n ocupada, 13 ene (SANA)<\/strong><\/span> El n\u00famero de muertos por los ataques israel\u00edes contra la Franja de Gaza super\u00f3 los 23.800, inform\u00f3 el Ministerio de Salud palestino.<\/p>\n<p style=\"text-align: justify;\">Por medio de un comunicado, el ente de salud revel\u00f3 que &#8220;desde el comienzo de la agresi\u00f3n el d\u00eda 7 del pasado mes de octubre, 23.843 personas han muerto&#8221;.<\/p>\n<p style=\"text-align: justify;\">El departamento detall\u00f3 que 60.317 palestinos resultaron heridos en ese per\u00edodo.<\/p>\n<p style=\"text-align: justify;\">Asimismo, aclar\u00f3 que en las \u00faltimas 24 horas, las fuerzas del ocupante israel\u00ed cometieron 12 masacres que cobraron la vida de 135 personas y dejaron lesionadas a otras 312.<\/p>\n<p style=\"text-align: justify;\">Agreg\u00f3 que miles de v\u00edctimas siguen bajo los escombros o tirados en las calles y los equipos m\u00e9dicos y de Defensa Civil no pueden llegar a los mismos.<\/p>\n<p style=\"text-align: justify;\">fm\/ed<\/p>\n","protected":false},"excerpt":{"rendered":"<p>Jerusal\u00e9n ocupada, 13 ene (SANA) El n\u00famero de muertos por los ataques israel\u00edes contra la Franja de Gaza super\u00f3 los 23.800, inform\u00f3 el Ministerio de Salud palestino. Por medio de un comunicado, el ente de salud revel\u00f3 que &#8220;desde el comienzo de la agresi\u00f3n el d\u00eda 7 del pasado mes de octubre, 23.843 personas han &hellip;<\/p>\n","protected":false},"author":32,"featured_media":319448,"comment_status":"closed","ping_status":"closed","sticky":false,"template":"","format":"standard","meta":{"footnotes":""},"categories":[597,456,20724,583],"tags":[],"class_list":["post-319445","post","type-post","status-publish","format-standard","has-post-thumbnail","","category-cinta-de-noticias","category-arabe-internacional-politica","category-minuto-a-minuto","category-slide"],"_links":{"self":[{"href":"https:\/\/archive.sana.sy\/es\/index.php?rest_route=\/wp\/v2\/posts\/319445"}],"collection":[{"href":"https:\/\/archive.sana.sy\/es\/index.php?rest_route=\/wp\/v2\/posts"}],"about":[{"href":"https:\/\/archive.sana.sy\/es\/index.php?rest_route=\/wp\/v2\/types\/post"}],"author":[{"embeddable":true,"href":"https:\/\/archive.sana.sy\/es\/index.php?rest_route=\/wp\/v2\/users\/32"}],"replies":[{"embeddable":true,"href":"https:\/\/archive.sana.sy\/es\/index.php?rest_route=%2Fwp%2Fv2%2Fcomments&post=319445"}],"version-history":[{"count":1,"href":"https:\/\/archive.sana.sy\/es\/index.php?rest_route=\/wp\/v2\/posts\/319445\/revisions"}],"predecessor-version":[{"id":319447,"href":"https:\/\/archive.sana.sy\/es\/index.php?rest_route=\/wp\/v2\/posts\/319445\/revisions\/319447"}],"wp:featuredmedia":[{"embeddable":true,"href":"https:\/\/archive.sana.sy\/es\/index.php?rest_route=\/wp\/v2\/media\/319448"}],"wp:attachment":[{"href":"https:\/\/archive.sana.sy\/es\/index.php?rest_route=%2Fwp%2Fv2%2Fmedia&parent=319445"}],"wp:term":[{"taxonomy":"category","embeddable":true,"href":"https:\/\/archive.sana.sy\/es\/index.php?rest_route=%2Fwp%2Fv2%2Fcategories&post=319445"},{"taxonomy":"post_tag","embeddable":true,"href":"https:\/\/archive.sana.sy\/es\/index.php?rest_route=%2Fwp%2Fv2%2Ftags&post=319445"}],"curies":[{"name":"wp","href":"https:\/\/api.w.org\/{rel}","templated":true}]}}