{"id":319509,"date":"2024-01-14T06:23:36","date_gmt":"2024-01-14T03:23:36","guid":{"rendered":"https:\/\/sana.sy\/es\/?p=319509"},"modified":"2024-01-14T06:23:56","modified_gmt":"2024-01-14T03:23:56","slug":"millones-protestan-en-120-ciudades-del-mundo-contra-la-agresion-israeli-a-gaza","status":"publish","type":"post","link":"https:\/\/archive.sana.sy\/es\/?p=319509","title":{"rendered":"Millones protestan en 120 ciudades del mundo contra la agresi\u00f3n israel\u00ed a Gaza"},"content":{"rendered":"<p style=\"text-align: justify;\"><span style=\"color: #800000;\"><strong>Capitales, 14 ene (SANA)\u00a0<\/strong> <\/span>Manifestaciones masivas tuvieron lugar en numerosas capitales y ciudades de todo el mundo para denunciar la continua agresi\u00f3n israel\u00ed contra la Franja de Gaza y \u00a0exigir que el ocupante rinda cuentas por los cr\u00edmenes de genocidio cometidos con el apoyo de Estados Unidos.<\/p>\n<p style=\"text-align: justify;\">La coalici\u00f3n de organizaciones brit\u00e1nicas, incluida la Campa\u00f1a de Solidaridad con Palestina, el Foro Palestino en Gran Breta\u00f1a, la Coalici\u00f3n Alto a la Guerra, la Campa\u00f1a de Desarme Nuclear y Amigos de Al-Aqsa, convocaron a manifestaciones globales en m\u00e1s de 120 ciudades en 45 pa\u00edses de todo el mundo.<\/p>\n<p style=\"text-align: justify;\"><img loading=\"lazy\" decoding=\"async\" class=\"size-medium wp-image-319513 alignleft\" src=\"http:\/\/sana.sy\/es\/wp-content\/uploads\/2024\/01\/fcc53111-dd21-4871-b4a8-46b5aab07c2d-300x225.jpg\" alt=\"\" width=\"300\" height=\"225\" srcset=\"https:\/\/archive.sana.sy\/es\/wp-content\/uploads\/2024\/01\/fcc53111-dd21-4871-b4a8-46b5aab07c2d-300x225.jpg 300w, https:\/\/archive.sana.sy\/es\/wp-content\/uploads\/2024\/01\/fcc53111-dd21-4871-b4a8-46b5aab07c2d-150x113.jpg 150w, https:\/\/archive.sana.sy\/es\/wp-content\/uploads\/2024\/01\/fcc53111-dd21-4871-b4a8-46b5aab07c2d-768x576.jpg 768w, https:\/\/archive.sana.sy\/es\/wp-content\/uploads\/2024\/01\/fcc53111-dd21-4871-b4a8-46b5aab07c2d.jpg 1024w\" sizes=\"(max-width: 300px) 100vw, 300px\" \/>En la capital brit\u00e1nica, Londres, se convoc\u00f3 a una gran manifestaci\u00f3n en la que participaron m\u00e1s de 100.000 personas que exigieron el fin de la agresi\u00f3n contra la Franja de Gaza, la entrada de ayuda humanitaria urgente y pedir que los funcionarios del ocupante rindan cuentas por sus cr\u00edmenes.<\/p>\n<p style=\"text-align: justify;\">Los manifestantes denunciaron la complicidad del gobierno brit\u00e1nico con el ocupante israel\u00ed y destacaron la necesidad de continuar el movimiento global internacional para mostrar apoyo al pueblo palestino.<\/p>\n<p style=\"text-align: justify;\">En Alemania, se produjo en Munich una manifestaci\u00f3n masiva en solidaridad con Gaza y para exigir el fin de la agresi\u00f3n israel\u00ed, mientras en la capital alemana, Berl\u00edn, cientos de personas se manifestaron en la estaci\u00f3n central de Berl\u00edn, donde la polic\u00eda arrest\u00f3 a varios de ellos despu\u00e9s de golpearlos.<\/p>\n<p style=\"text-align: justify;\">En la capital francesa, Par\u00eds, personas solidarias con Palestina organizaron una manifestaci\u00f3n masiva en el D\u00eda Mundial de la Solidaridad, para exigir el fin de la agresi\u00f3n contra Gaza.<\/p>\n<p style=\"text-align: justify;\">Asimismo, dos manifestaciones tuvieron lugar en la capital sueca, Estocolmo, y en la ciudad de Uppsala, en apoyo a Gaza y para exigir el fin de la agresi\u00f3n israel\u00ed.<\/p>\n<p style=\"text-align: justify;\"><img loading=\"lazy\" decoding=\"async\" class=\"size-medium wp-image-319511 alignleft\" src=\"http:\/\/sana.sy\/es\/wp-content\/uploads\/2024\/01\/\u0645\u0638\u0627\u0647\u0631\u0627\u062a-\u0627\u0644\u0646\u0633\u0645\u0627-copy-300x168.jpg\" alt=\"\" width=\"300\" height=\"168\" srcset=\"https:\/\/archive.sana.sy\/es\/wp-content\/uploads\/2024\/01\/\u0645\u0638\u0627\u0647\u0631\u0627\u062a-\u0627\u0644\u0646\u0633\u0645\u0627-copy-300x168.jpg 300w, https:\/\/archive.sana.sy\/es\/wp-content\/uploads\/2024\/01\/\u0645\u0638\u0627\u0647\u0631\u0627\u062a-\u0627\u0644\u0646\u0633\u0645\u0627-copy-150x84.jpg 150w, https:\/\/archive.sana.sy\/es\/wp-content\/uploads\/2024\/01\/\u0645\u0638\u0627\u0647\u0631\u0627\u062a-\u0627\u0644\u0646\u0633\u0645\u0627-copy.jpg 660w\" sizes=\"(max-width: 300px) 100vw, 300px\" \/>En Luxemburgo, miles de personas se manifestaron frente a la embajada de los Estados Unidos para denunciar el continuo apoyo de la administraci\u00f3n estadounidense a la actual agresi\u00f3n israel\u00ed contra Gaza. Tambi\u00e9n, hubo una manifestaci\u00f3n en la capital danesa, Copenhague, en apoyo a Gaza y para exigir el fin de la agresi\u00f3n israel\u00ed.<\/p>\n<p style=\"text-align: justify;\">En la ciudad holandesa de La Haya, cientos de personas solidarias con Palestina continuaron manifest\u00e1ndose frente a la Corte Internacional de Justicia, exigiendo que el ocupante israel\u00ed sea juzgado por sus cr\u00edmenes contra civiles en la Franja de Gaza.<\/p>\n<p style=\"text-align: justify;\">Tambi\u00e9n, se produjo una manifestaci\u00f3n masiva en la ciudad italiana de Florencia en apoyo a Gaza y Palestina, y fue denunciada la agresi\u00f3n que lleva 99 d\u00edas.<\/p>\n<p style=\"text-align: justify;\">En Estados Unidos, miles de personas se manifestaron en la ciudad de Nueva York para denunciar la agresi\u00f3n estadounidense-brit\u00e1nica contra el Yemen y la continua agresi\u00f3n contra la Franja de Gaza.<\/p>\n<p style=\"text-align: justify;\">Tambi\u00e9n se organiz\u00f3 una manifestaci\u00f3n en S\u00eddney (Australia) en apoyo a Palestina y para denunciar los cr\u00edmenes de la ocupaci\u00f3n contra civiles en la Franja de Gaza.<\/p>\n<p style=\"text-align: justify;\"><img loading=\"lazy\" decoding=\"async\" class=\"size-medium wp-image-319512 alignleft\" src=\"http:\/\/sana.sy\/es\/wp-content\/uploads\/2024\/01\/photo_2024-01-13_20-38-59-copy-300x200.jpg\" alt=\"\" width=\"300\" height=\"200\" srcset=\"https:\/\/archive.sana.sy\/es\/wp-content\/uploads\/2024\/01\/photo_2024-01-13_20-38-59-copy-300x200.jpg 300w, https:\/\/archive.sana.sy\/es\/wp-content\/uploads\/2024\/01\/photo_2024-01-13_20-38-59-copy-150x100.jpg 150w, https:\/\/archive.sana.sy\/es\/wp-content\/uploads\/2024\/01\/photo_2024-01-13_20-38-59-copy.jpg 660w\" sizes=\"(max-width: 300px) 100vw, 300px\" \/>Multitudinarias manifestaciones tuvieron lugar en varias ciudades japonesas para exigir el fin de la agresi\u00f3n israel\u00ed a la Franja de Gaza, la entrada de ayuda humanitaria y el levantamiento del asedio.<\/p>\n<p style=\"text-align: justify;\">Mientras 18 ciudades indonesias fueron testigos de protestas y manifestaciones de solidaridad con Gaza y para denunciar la agresi\u00f3n israel\u00ed a la Franja.<\/p>\n<p style=\"text-align: justify;\">En Sud\u00e1frica, masivas manifestaciones tuvieron lugar en varias ciudades del pa\u00eds para exigir el fin de la guerra genocida que lleva a cabo el ocupante israel\u00ed contra los gazat\u00edes.<\/p>\n<p style=\"text-align: justify;\">fm<\/p>\n<p style=\"text-align: justify;\">\n","protected":false},"excerpt":{"rendered":"<p>Capitales, 14 ene (SANA)\u00a0 Manifestaciones masivas tuvieron lugar en numerosas capitales y ciudades de todo el mundo para denunciar la continua agresi\u00f3n israel\u00ed contra la Franja de Gaza y \u00a0exigir que el ocupante rinda cuentas por los cr\u00edmenes de genocidio cometidos con el apoyo de Estados Unidos. La coalici\u00f3n de organizaciones brit\u00e1nicas, incluida la Campa\u00f1a &hellip;<\/p>\n","protected":false},"author":34,"featured_media":319510,"comment_status":"closed","ping_status":"closed","sticky":false,"template":"","format":"standard","meta":{"footnotes":""},"categories":[597,456,20724,583],"tags":[],"class_list":["post-319509","post","type-post","status-publish","format-standard","has-post-thumbnail","","category-cinta-de-noticias","category-arabe-internacional-politica","category-minuto-a-minuto","category-slide"],"_links":{"self":[{"href":"https:\/\/archive.sana.sy\/es\/index.php?rest_route=\/wp\/v2\/posts\/319509"}],"collection":[{"href":"https:\/\/archive.sana.sy\/es\/index.php?rest_route=\/wp\/v2\/posts"}],"about":[{"href":"https:\/\/archive.sana.sy\/es\/index.php?rest_route=\/wp\/v2\/types\/post"}],"author":[{"embeddable":true,"href":"https:\/\/archive.sana.sy\/es\/index.php?rest_route=\/wp\/v2\/users\/34"}],"replies":[{"embeddable":true,"href":"https:\/\/archive.sana.sy\/es\/index.php?rest_route=%2Fwp%2Fv2%2Fcomments&post=319509"}],"version-history":[{"count":2,"href":"https:\/\/archive.sana.sy\/es\/index.php?rest_route=\/wp\/v2\/posts\/319509\/revisions"}],"predecessor-version":[{"id":319515,"href":"https:\/\/archive.sana.sy\/es\/index.php?rest_route=\/wp\/v2\/posts\/319509\/revisions\/319515"}],"wp:featuredmedia":[{"embeddable":true,"href":"https:\/\/archive.sana.sy\/es\/index.php?rest_route=\/wp\/v2\/media\/319510"}],"wp:attachment":[{"href":"https:\/\/archive.sana.sy\/es\/index.php?rest_route=%2Fwp%2Fv2%2Fmedia&parent=319509"}],"wp:term":[{"taxonomy":"category","embeddable":true,"href":"https:\/\/archive.sana.sy\/es\/index.php?rest_route=%2Fwp%2Fv2%2Fcategories&post=319509"},{"taxonomy":"post_tag","embeddable":true,"href":"https:\/\/archive.sana.sy\/es\/index.php?rest_route=%2Fwp%2Fv2%2Ftags&post=319509"}],"curies":[{"name":"wp","href":"https:\/\/api.w.org\/{rel}","templated":true}]}}