{"id":319573,"date":"2024-01-14T16:25:27","date_gmt":"2024-01-14T13:25:27","guid":{"rendered":"https:\/\/sana.sy\/es\/?p=319573"},"modified":"2024-01-14T19:59:20","modified_gmt":"2024-01-14T16:59:20","slug":"siria-destaca-necesidad-de-fortalecer-relaciones-con-mauritania","status":"publish","type":"post","link":"https:\/\/archive.sana.sy\/es\/?p=319573","title":{"rendered":"Siria destaca necesidad de fortalecer relaciones con Mauritania"},"content":{"rendered":"<p style=\"text-align: justify;\"><span style=\"color: #800000;\"><strong>Damasco, 14 ene (SANA)<\/strong><\/span>\u00a0 El presidente de la Asamblea de Pueblo, Hammouda Sabbagh, se reuni\u00f3 hoy con Al-Dah Suhaib, jefe del Comit\u00e9 de Fraternidad Parlamentaria Sirio-Mauritana, y con el encargado de Negocios de la Embajada de Mauritania en Damasco, Mohammed Al-Sheikh Sambay.<\/p>\n<p style=\"text-align: justify;\">Durante la reuni\u00f3n, Sabbagh destac\u00f3 la profundidad de las relaciones fraternales entre los dos pa\u00edses, y la necesidad de fortalecerlas a\u00fan m\u00e1s en todos los campos en beneficio de los dos pa\u00edses hermanos.<\/p>\n<p style=\"text-align: justify;\">Agradeci\u00f3 las posiciones de Mauritania en apoyo de Siria y sus justas causas en los foros regionales e internacionales, especialmente frente a la guerra terrorista que comenz\u00f3 hace 13 a\u00f1os.<\/p>\n<p style=\"text-align: justify;\">Por su parte, Al-Suhaib afirm\u00f3 la importancia de trabajar para desarrollar la cooperaci\u00f3n con Siria a todos los niveles, especialmente el cient\u00edfico y el cultural, porque Siria tuvo un papel destacado en el apoyo al proceso educativo en Mauritania durante el \u00faltimo siglo despu\u00e9s de la independencia de Mauritania.<\/p>\n<p style=\"text-align: justify;\">rr\/fm<\/p>\n","protected":false},"excerpt":{"rendered":"<p>Damasco, 14 ene (SANA)\u00a0 El presidente de la Asamblea de Pueblo, Hammouda Sabbagh, se reuni\u00f3 hoy con Al-Dah Suhaib, jefe del Comit\u00e9 de Fraternidad Parlamentaria Sirio-Mauritana, y con el encargado de Negocios de la Embajada de Mauritania en Damasco, Mohammed Al-Sheikh Sambay. Durante la reuni\u00f3n, Sabbagh destac\u00f3 la profundidad de las relaciones fraternales entre los &hellip;<\/p>\n","protected":false},"author":31,"featured_media":319574,"comment_status":"closed","ping_status":"closed","sticky":false,"template":"","format":"standard","meta":{"footnotes":""},"categories":[597,476,467,7541],"tags":[22465,6553],"class_list":["post-319573","post","type-post","status-publish","format-standard","has-post-thumbnail","","category-cinta-de-noticias","category-locales","category-siria-y-el-mundo","category-ultimas-noticias","tag-mauritania","tag-siria"],"_links":{"self":[{"href":"https:\/\/archive.sana.sy\/es\/index.php?rest_route=\/wp\/v2\/posts\/319573"}],"collection":[{"href":"https:\/\/archive.sana.sy\/es\/index.php?rest_route=\/wp\/v2\/posts"}],"about":[{"href":"https:\/\/archive.sana.sy\/es\/index.php?rest_route=\/wp\/v2\/types\/post"}],"author":[{"embeddable":true,"href":"https:\/\/archive.sana.sy\/es\/index.php?rest_route=\/wp\/v2\/users\/31"}],"replies":[{"embeddable":true,"href":"https:\/\/archive.sana.sy\/es\/index.php?rest_route=%2Fwp%2Fv2%2Fcomments&post=319573"}],"version-history":[{"count":1,"href":"https:\/\/archive.sana.sy\/es\/index.php?rest_route=\/wp\/v2\/posts\/319573\/revisions"}],"predecessor-version":[{"id":319575,"href":"https:\/\/archive.sana.sy\/es\/index.php?rest_route=\/wp\/v2\/posts\/319573\/revisions\/319575"}],"wp:featuredmedia":[{"embeddable":true,"href":"https:\/\/archive.sana.sy\/es\/index.php?rest_route=\/wp\/v2\/media\/319574"}],"wp:attachment":[{"href":"https:\/\/archive.sana.sy\/es\/index.php?rest_route=%2Fwp%2Fv2%2Fmedia&parent=319573"}],"wp:term":[{"taxonomy":"category","embeddable":true,"href":"https:\/\/archive.sana.sy\/es\/index.php?rest_route=%2Fwp%2Fv2%2Fcategories&post=319573"},{"taxonomy":"post_tag","embeddable":true,"href":"https:\/\/archive.sana.sy\/es\/index.php?rest_route=%2Fwp%2Fv2%2Ftags&post=319573"}],"curies":[{"name":"wp","href":"https:\/\/api.w.org\/{rel}","templated":true}]}}