{"id":319647,"date":"2024-01-15T20:30:59","date_gmt":"2024-01-15T17:30:59","guid":{"rendered":"https:\/\/sana.sy\/es\/?p=319647"},"modified":"2024-01-28T13:02:59","modified_gmt":"2024-01-28T10:02:59","slug":"washington-introduce-armas-y-equipos-belicos-en-sus-bases-ilegales-en-siria","status":"publish","type":"post","link":"https:\/\/archive.sana.sy\/es\/?p=319647","title":{"rendered":"Washington introduce armas y equipos b\u00e9licos en sus bases ilegales en Siria"},"content":{"rendered":"<p style=\"text-align: justify;\"><span style=\"color: #800000;\"><strong>Hasakeh, 15 ene (SANA)<\/strong><\/span> Las fuerzas de ocupaci\u00f3n estadounidenses introdujeron armas, municiones y equipos log\u00edsticos en sus bases ilegales en el campo de la provincia de Hasakeh.<\/p>\n<p style=\"text-align: justify;\">Estos refuerzos coinciden con el aumento de los ataques contra los enclaves del Pent\u00e1gono desde el inicio de la agresi\u00f3n israel\u00ed a la Franja de Gaza.<\/p>\n<p style=\"text-align: justify;\">Activistas locales de la zona rural de Yarubiyah informaron a SANA que un convoy del ocupante norteamericano, compuesto por 60 camiones, entr\u00f3 a territorio sirio procedente de Iraq a trav\u00e9s del cruce ilegal de Al-Walid y se dirigi\u00f3 a la base del ocupante establecida en el aeropuerto agr\u00edcola de Kharab al-Jir.<\/p>\n<p style=\"text-align: justify;\">La carga de este convoy es la mayor en meses y fue enviada a distintas bases en sus bases en el campo de Hasakeh, detallaron las fuentes.<\/p>\n<p style=\"text-align: justify;\">La v\u00edspera, la resistencia iraqu\u00ed atac\u00f3 con misiles y drones las fuerzas de ocupaci\u00f3n estadounidenses en la base del aeropuerto de Erbil en el norte de Irak y en las bases de Kharab al-Jir y Koniko en el campo de Hasakeh y Deir Ez-Zor, al norte de Siria.<\/p>\n<p style=\"text-align: justify;\">rr\/fm<\/p>\n","protected":false},"excerpt":{"rendered":"<p>Hasakeh, 15 ene (SANA) Las fuerzas de ocupaci\u00f3n estadounidenses introdujeron armas, municiones y equipos log\u00edsticos en sus bases ilegales en el campo de la provincia de Hasakeh. Estos refuerzos coinciden con el aumento de los ataques contra los enclaves del Pent\u00e1gono desde el inicio de la agresi\u00f3n israel\u00ed a la Franja de Gaza. Activistas locales &hellip;<\/p>\n","protected":false},"author":31,"featured_media":319658,"comment_status":"closed","ping_status":"closed","sticky":false,"template":"","format":"standard","meta":{"footnotes":""},"categories":[477,597,573,20724,476,583],"tags":[7132,6553],"class_list":["post-319647","post","type-post","status-publish","format-standard","has-post-thumbnail","","category-noticias-edulcorantes","category-cinta-de-noticias","category-la-realidad-de-los-acontecimientos-en-siria","category-minuto-a-minuto","category-locales","category-slide","tag-eeuu","tag-siria"],"_links":{"self":[{"href":"https:\/\/archive.sana.sy\/es\/index.php?rest_route=\/wp\/v2\/posts\/319647"}],"collection":[{"href":"https:\/\/archive.sana.sy\/es\/index.php?rest_route=\/wp\/v2\/posts"}],"about":[{"href":"https:\/\/archive.sana.sy\/es\/index.php?rest_route=\/wp\/v2\/types\/post"}],"author":[{"embeddable":true,"href":"https:\/\/archive.sana.sy\/es\/index.php?rest_route=\/wp\/v2\/users\/31"}],"replies":[{"embeddable":true,"href":"https:\/\/archive.sana.sy\/es\/index.php?rest_route=%2Fwp%2Fv2%2Fcomments&post=319647"}],"version-history":[{"count":2,"href":"https:\/\/archive.sana.sy\/es\/index.php?rest_route=\/wp\/v2\/posts\/319647\/revisions"}],"predecessor-version":[{"id":320676,"href":"https:\/\/archive.sana.sy\/es\/index.php?rest_route=\/wp\/v2\/posts\/319647\/revisions\/320676"}],"wp:featuredmedia":[{"embeddable":true,"href":"https:\/\/archive.sana.sy\/es\/index.php?rest_route=\/wp\/v2\/media\/319658"}],"wp:attachment":[{"href":"https:\/\/archive.sana.sy\/es\/index.php?rest_route=%2Fwp%2Fv2%2Fmedia&parent=319647"}],"wp:term":[{"taxonomy":"category","embeddable":true,"href":"https:\/\/archive.sana.sy\/es\/index.php?rest_route=%2Fwp%2Fv2%2Fcategories&post=319647"},{"taxonomy":"post_tag","embeddable":true,"href":"https:\/\/archive.sana.sy\/es\/index.php?rest_route=%2Fwp%2Fv2%2Ftags&post=319647"}],"curies":[{"name":"wp","href":"https:\/\/api.w.org\/{rel}","templated":true}]}}