{"id":319689,"date":"2024-01-16T14:32:31","date_gmt":"2024-01-16T11:32:31","guid":{"rendered":"https:\/\/sana.sy\/es\/?p=319689"},"modified":"2024-01-16T18:19:25","modified_gmt":"2024-01-16T15:19:25","slug":"80-muertos-palestinos-en-el-dia-102-de-la-agresion-israeli-contra-gaza","status":"publish","type":"post","link":"https:\/\/archive.sana.sy\/es\/?p=319689","title":{"rendered":"80 muertos palestinos en el d\u00eda 102 de la agresi\u00f3n israel\u00ed contra Gaza"},"content":{"rendered":"<p style=\"text-align: justify\"><span style=\"color: #800000\"><strong>Jerusal\u00e9n ocupada, 16 (SANA)\u00a0 \u00a0<\/strong><\/span> \u00a0En el 102\u00ba d\u00eda de la guerra genocida contra la Franja de Gaza, m\u00e1s de 80 palestinos fueron asesinados y decenas resultaron heridos.<\/p>\n<p style=\"text-align: justify\">\u00a0La agencia Wafa inform\u00f3 que \u201cdurante las \u00faltimas horas, los aviones del ocupante bombardearon varios barrios de Al-Sabra, Al-Zaytoun, Tal Al-Hawa, Sheikh Ajlin, las \u00e1reas de Al-Nafaq y Al-Saftawi, y una escuela que alberga a desplazados en Gaza, matando a 57 palestinos e hiriendo a decenas\u201d.<\/p>\n<p style=\"text-align: justify\">Al mismo tiempo, la artiller\u00eda sionista bombarde\u00f3 las zonas de Mirage y Bani Suhaila en Khan Yunis,\u00a0 en el sur de la Franja de Gaza, y los campamentos de Bureij y Al-Maghazi en el centro, lo que provoc\u00f3 la muerte de 27 palestinos y decenas de heridos.<\/p>\n<p style=\"text-align: justify\">Mientras tanto, las topadoras de la ocupaci\u00f3n llevaron a cabo operaciones de barrido en el barrio de Al-Salam en el norte de la Franja de Gaza, mientras su artiller\u00eda bombardeaba intensamente el campamento de Jabalia y varias zonas en el norte de la Franja de Gaza.<\/p>\n<p style=\"text-align: justify\">Por quinto d\u00eda consecutivo, los servicios de comunicaci\u00f3n e internet est\u00e1n completamente interrumpidos en Gaza debido a los continuos ataques contra\u00a0 infraestructura de comunicaciones .<\/p>\n<p style=\"text-align: justify\">\u00a0El \u00faltimo lunes, el Ministerio de Salud palestino anunci\u00f3 que la cifra de\u00a0 v\u00edctimas de la agresi\u00f3n israel\u00ed\u00a0 en curso contra la Franja de Gaza desde el 7 de octubre pasado aument\u00f3 a 24.100 muertos y 60.834 heridos.<\/p>\n<p>ed\/fm<\/p>\n","protected":false},"excerpt":{"rendered":"<p>Jerusal\u00e9n ocupada, 16 (SANA)\u00a0 \u00a0 \u00a0En el 102\u00ba d\u00eda de la guerra genocida contra la Franja de Gaza, m\u00e1s de 80 palestinos fueron asesinados y decenas resultaron heridos. \u00a0La agencia Wafa inform\u00f3 que \u201cdurante las \u00faltimas horas, los aviones del ocupante bombardearon varios barrios de Al-Sabra, Al-Zaytoun, Tal Al-Hawa, Sheikh Ajlin, las \u00e1reas de Al-Nafaq &hellip;<\/p>\n","protected":false},"author":32,"featured_media":319690,"comment_status":"closed","ping_status":"closed","sticky":false,"template":"","format":"standard","meta":{"footnotes":""},"categories":[597,456,20724],"tags":[],"class_list":["post-319689","post","type-post","status-publish","format-standard","has-post-thumbnail","","category-cinta-de-noticias","category-arabe-internacional-politica","category-minuto-a-minuto"],"_links":{"self":[{"href":"https:\/\/archive.sana.sy\/es\/index.php?rest_route=\/wp\/v2\/posts\/319689"}],"collection":[{"href":"https:\/\/archive.sana.sy\/es\/index.php?rest_route=\/wp\/v2\/posts"}],"about":[{"href":"https:\/\/archive.sana.sy\/es\/index.php?rest_route=\/wp\/v2\/types\/post"}],"author":[{"embeddable":true,"href":"https:\/\/archive.sana.sy\/es\/index.php?rest_route=\/wp\/v2\/users\/32"}],"replies":[{"embeddable":true,"href":"https:\/\/archive.sana.sy\/es\/index.php?rest_route=%2Fwp%2Fv2%2Fcomments&post=319689"}],"version-history":[{"count":2,"href":"https:\/\/archive.sana.sy\/es\/index.php?rest_route=\/wp\/v2\/posts\/319689\/revisions"}],"predecessor-version":[{"id":319716,"href":"https:\/\/archive.sana.sy\/es\/index.php?rest_route=\/wp\/v2\/posts\/319689\/revisions\/319716"}],"wp:featuredmedia":[{"embeddable":true,"href":"https:\/\/archive.sana.sy\/es\/index.php?rest_route=\/wp\/v2\/media\/319690"}],"wp:attachment":[{"href":"https:\/\/archive.sana.sy\/es\/index.php?rest_route=%2Fwp%2Fv2%2Fmedia&parent=319689"}],"wp:term":[{"taxonomy":"category","embeddable":true,"href":"https:\/\/archive.sana.sy\/es\/index.php?rest_route=%2Fwp%2Fv2%2Fcategories&post=319689"},{"taxonomy":"post_tag","embeddable":true,"href":"https:\/\/archive.sana.sy\/es\/index.php?rest_route=%2Fwp%2Fv2%2Ftags&post=319689"}],"curies":[{"name":"wp","href":"https:\/\/api.w.org\/{rel}","templated":true}]}}