{"id":319791,"date":"2024-01-17T18:58:09","date_gmt":"2024-01-17T15:58:09","guid":{"rendered":"https:\/\/sana.sy\/es\/?p=319791"},"modified":"2024-01-17T18:58:07","modified_gmt":"2024-01-17T15:58:07","slug":"siria-presente-reunion-ministerial-preparatoria-de-la-cumbre-del-movimiento-de-paises-no-alineados-en-uganda","status":"publish","type":"post","link":"https:\/\/archive.sana.sy\/es\/?p=319791","title":{"rendered":"Siria  presente en  reuni\u00f3n ministerial preparatoria de la cumbre del Movimiento de Pa\u00edses No Alineados en Uganda"},"content":{"rendered":"<p style=\"text-align: justify\"><span style=\"color: #800000\"><strong>Kampala, 17 ene (SANA)<\/strong><\/span> La reuni\u00f3n de ministros de Asuntos Exteriores de los Estados miembros del Movimiento de Pa\u00edses No Alineados (MNOAL) comenz\u00f3 hoy en la capital de Uganda, Kampala, como preparaci\u00f3n a la XIX cumbre del Movimiento prevista para los pr\u00f3ximos viernes y s\u00e1bado.<\/p>\n<p style=\"text-align: justify\">Siria participa con una delegaci\u00f3n encabezada por el viceministro de Asuntos Exteriores y Expatriados, Bassam Sabbagh.<\/p>\n<p style=\"text-align: justify\">En la reuni\u00f3n ministerial, se abordar\u00e1n los acontecimientos en la arena internacional, en particular la grave evoluci\u00f3n de la situaci\u00f3n en los territorios palestinos ocupados, adem\u00e1s de cuestiones pol\u00edticas y econ\u00f3micas de inter\u00e9s com\u00fan para los Estados miembros del movimiento.<\/p>\n<p style=\"text-align: justify\">Las delegaciones participantes tambi\u00e9n trabajar\u00e1n en la redacci\u00f3n del plan del documento final de la Cumbre y la Declaraci\u00f3n Pol\u00edtica de Kampala, que incluir\u00e1 las posiciones del movimiento sobre diversos temas y desaf\u00edos.<\/p>\n<p style=\"text-align: justify\">La delegaci\u00f3n siria incluye al Vicecanciller Bassam Sabbagh, el representante permanente de Siria ante las Naciones Unidas, Qusay Al-Dahhak, el C\u00f3nsul Honorario de Siria en Uganda, Tamouh Mustafa, y el Tercer Secretario del Ministerio de Asuntos Exteriores y Expatriados, Majd Nial.<\/p>\n<p style=\"text-align: justify\">El Movimiento de Pa\u00edses No Alineados incluye 121 pa\u00edses, celebr\u00f3 su primera conferencia en Belgrado en 1961 y se estableci\u00f3 sobre la base de los Principios de Bandung de 1955, que enfatizan los principios de soberan\u00eda e igualdad entre pa\u00edses, la no interferencia en los asuntos internos y el rechazo del uso de la fuerza o de la amenaza con la misma en las relaciones internacionales.<\/p>\n<p>lo\/fm<\/p>\n","protected":false},"excerpt":{"rendered":"<p>Kampala, 17 ene (SANA) La reuni\u00f3n de ministros de Asuntos Exteriores de los Estados miembros del Movimiento de Pa\u00edses No Alineados (MNOAL) comenz\u00f3 hoy en la capital de Uganda, Kampala, como preparaci\u00f3n a la XIX cumbre del Movimiento prevista para los pr\u00f3ximos viernes y s\u00e1bado. Siria participa con una delegaci\u00f3n encabezada por el viceministro de &hellip;<\/p>\n","protected":false},"author":34,"featured_media":319792,"comment_status":"closed","ping_status":"closed","sticky":false,"template":"","format":"standard","meta":{"footnotes":""},"categories":[597,20724,467,583],"tags":[],"class_list":["post-319791","post","type-post","status-publish","format-standard","has-post-thumbnail","","category-cinta-de-noticias","category-minuto-a-minuto","category-siria-y-el-mundo","category-slide"],"_links":{"self":[{"href":"https:\/\/archive.sana.sy\/es\/index.php?rest_route=\/wp\/v2\/posts\/319791"}],"collection":[{"href":"https:\/\/archive.sana.sy\/es\/index.php?rest_route=\/wp\/v2\/posts"}],"about":[{"href":"https:\/\/archive.sana.sy\/es\/index.php?rest_route=\/wp\/v2\/types\/post"}],"author":[{"embeddable":true,"href":"https:\/\/archive.sana.sy\/es\/index.php?rest_route=\/wp\/v2\/users\/34"}],"replies":[{"embeddable":true,"href":"https:\/\/archive.sana.sy\/es\/index.php?rest_route=%2Fwp%2Fv2%2Fcomments&post=319791"}],"version-history":[{"count":4,"href":"https:\/\/archive.sana.sy\/es\/index.php?rest_route=\/wp\/v2\/posts\/319791\/revisions"}],"predecessor-version":[{"id":319805,"href":"https:\/\/archive.sana.sy\/es\/index.php?rest_route=\/wp\/v2\/posts\/319791\/revisions\/319805"}],"wp:featuredmedia":[{"embeddable":true,"href":"https:\/\/archive.sana.sy\/es\/index.php?rest_route=\/wp\/v2\/media\/319792"}],"wp:attachment":[{"href":"https:\/\/archive.sana.sy\/es\/index.php?rest_route=%2Fwp%2Fv2%2Fmedia&parent=319791"}],"wp:term":[{"taxonomy":"category","embeddable":true,"href":"https:\/\/archive.sana.sy\/es\/index.php?rest_route=%2Fwp%2Fv2%2Fcategories&post=319791"},{"taxonomy":"post_tag","embeddable":true,"href":"https:\/\/archive.sana.sy\/es\/index.php?rest_route=%2Fwp%2Fv2%2Ftags&post=319791"}],"curies":[{"name":"wp","href":"https:\/\/api.w.org\/{rel}","templated":true}]}}