{"id":319794,"date":"2024-01-17T14:56:33","date_gmt":"2024-01-17T11:56:33","guid":{"rendered":"https:\/\/sana.sy\/es\/?p=319794"},"modified":"2024-01-17T14:56:33","modified_gmt":"2024-01-17T11:56:33","slug":"fuerzas-invasoras-de-israel-sufren-bajas-en-choques-con-la-resistencia-palestina-en-gaza","status":"publish","type":"post","link":"https:\/\/archive.sana.sy\/es\/?p=319794","title":{"rendered":"Fuerzas invasoras de \u201cIsrael\u201d sufren bajas en choques con la resistencia palestina en Gaza"},"content":{"rendered":"<p style=\"text-align: justify;\"><span style=\"color: #800000;\"><strong>Jerusal\u00e9n ocupada, 17 ene (SANA)<\/strong><\/span> Los combatientes de la resistencia palestina chocaron con las fuerzas de ocupaci\u00f3n israel\u00edes en la Franja de Gaza, y eliminaron a varios soldados y destruyeron sus veh\u00edculos.<\/p>\n<p style=\"text-align: justify;\">Por medio de un comunicado, la resistencia inform\u00f3 que \u201cdos fuerzas de infanter\u00eda israel\u00edes fueron atacadas con ametralladoras y artefactos explosivos por parte de los resistentes, en el norte del barrio de Shujaiya en la ciudad de Gaza, y en el \u00e1rea de Batn Al-Sameen al sur de la ciudad de Khan Yunis\u201d.<\/p>\n<p style=\"text-align: justify;\">Atacamos con proyectiles \u201cAl-Yassin 105\u201d a varios tanques Merkava y una topadora del ocupante al sur de Khan Yunis, y un veh\u00edculo de transporte de tropas al este de Jabalia, en el norte de la Franja de Gaza, as\u00ed como bombardeamos con morteros varios veh\u00edculos militares al este del barrio Al-Tuffah en Gaza, afirm\u00f3 la nota.<\/p>\n<p style=\"text-align: justify;\">A su vez, el ej\u00e9rcito israel\u00ed reconoci\u00f3 la muerte de un oficial y un soldado durante los enfrentamientos con la resistencia palestina en el norte de la Franja de Gaza, durante las \u00faltimas 24 horas.<\/p>\n<p style=\"text-align: justify;\">Con el anuncio de estas dos bajas, el n\u00famero de muertos del ej\u00e9rcito israel\u00ed desde el pasado 7 de octubre se elev\u00f3 a 526, incluidos 193 soldados muertos desde el inicio de la invasi\u00f3n terrestre a la Franja de Gaza.<\/p>\n<p style=\"text-align: justify;\">fm\/as<\/p>\n","protected":false},"excerpt":{"rendered":"<p>Jerusal\u00e9n ocupada, 17 ene (SANA) Los combatientes de la resistencia palestina chocaron con las fuerzas de ocupaci\u00f3n israel\u00edes en la Franja de Gaza, y eliminaron a varios soldados y destruyeron sus veh\u00edculos. Por medio de un comunicado, la resistencia inform\u00f3 que \u201cdos fuerzas de infanter\u00eda israel\u00edes fueron atacadas con ametralladoras y artefactos explosivos por parte &hellip;<\/p>\n","protected":false},"author":42,"featured_media":319795,"comment_status":"closed","ping_status":"closed","sticky":false,"template":"","format":"standard","meta":{"footnotes":""},"categories":[597,456,16687,20724,583],"tags":[],"class_list":["post-319794","post","type-post","status-publish","format-standard","has-post-thumbnail","","category-cinta-de-noticias","category-arabe-internacional-politica","category-internacionales","category-minuto-a-minuto","category-slide"],"_links":{"self":[{"href":"https:\/\/archive.sana.sy\/es\/index.php?rest_route=\/wp\/v2\/posts\/319794"}],"collection":[{"href":"https:\/\/archive.sana.sy\/es\/index.php?rest_route=\/wp\/v2\/posts"}],"about":[{"href":"https:\/\/archive.sana.sy\/es\/index.php?rest_route=\/wp\/v2\/types\/post"}],"author":[{"embeddable":true,"href":"https:\/\/archive.sana.sy\/es\/index.php?rest_route=\/wp\/v2\/users\/42"}],"replies":[{"embeddable":true,"href":"https:\/\/archive.sana.sy\/es\/index.php?rest_route=%2Fwp%2Fv2%2Fcomments&post=319794"}],"version-history":[{"count":1,"href":"https:\/\/archive.sana.sy\/es\/index.php?rest_route=\/wp\/v2\/posts\/319794\/revisions"}],"predecessor-version":[{"id":319796,"href":"https:\/\/archive.sana.sy\/es\/index.php?rest_route=\/wp\/v2\/posts\/319794\/revisions\/319796"}],"wp:featuredmedia":[{"embeddable":true,"href":"https:\/\/archive.sana.sy\/es\/index.php?rest_route=\/wp\/v2\/media\/319795"}],"wp:attachment":[{"href":"https:\/\/archive.sana.sy\/es\/index.php?rest_route=%2Fwp%2Fv2%2Fmedia&parent=319794"}],"wp:term":[{"taxonomy":"category","embeddable":true,"href":"https:\/\/archive.sana.sy\/es\/index.php?rest_route=%2Fwp%2Fv2%2Fcategories&post=319794"},{"taxonomy":"post_tag","embeddable":true,"href":"https:\/\/archive.sana.sy\/es\/index.php?rest_route=%2Fwp%2Fv2%2Ftags&post=319794"}],"curies":[{"name":"wp","href":"https:\/\/api.w.org\/{rel}","templated":true}]}}