{"id":319814,"date":"2024-01-17T19:28:08","date_gmt":"2024-01-17T16:28:08","guid":{"rendered":"https:\/\/sana.sy\/es\/?p=319814"},"modified":"2024-01-17T20:08:34","modified_gmt":"2024-01-17T17:08:34","slug":"319814","status":"publish","type":"post","link":"https:\/\/archive.sana.sy\/es\/?p=319814","title":{"rendered":"Cuba llama a MNOAL a actuar con firmeza para cesar masacres israel\u00edes en Gaza"},"content":{"rendered":"<p style=\"text-align: justify\"><span style=\"color: #800000\"><strong>Kampala, 17 ene (SANA)<\/strong><\/span> Cuba reiter\u00f3 su apoyo a la causa palestina ante Movimiento de Pa\u00edses no Alineados (MNOAL), y destac\u00f3 la necesidad de poner fin a las barbaridades israel\u00edes en Gaza.<\/p>\n<p style=\"text-align: justify\">Esta postura fue expresada por el ministro de Exteriores cubano, Bruno Rodr\u00edguez ,durante la reuni\u00f3n de Comit\u00e9 Ministerial de MNOAL sobre Palestina.<\/p>\n<p style=\"text-align: justify\">El jefe de la diplomacia cubana, destac\u00f3 la necesidad de que el Movimiento contribuya con unidad y firmeza a cesar de inmediato las masacres israel\u00edes en Gaza, y a buscar una soluci\u00f3n definitiva al conflicto israel\u00ed-palestino, de conformidad con Derecho Internacional y Carta de ONU.<\/p>\n<p style=\"text-align: justify\">Asimismo abog\u00f3 por los derechos inalienables del pueblo palestino a la autodeterminaci\u00f3n y a crear un Estado independiente.<\/p>\n<p style=\"text-align: justify\">Durante la sesi\u00f3n plenaria de la Reuni\u00f3n Ministerial de MNOAL, Rodr\u00edguez\u00a0 sugiri\u00f3 que \u201cel Movimiento apoye el env\u00edo urgente a la Franja de Gaza de una misi\u00f3n de protecci\u00f3n internacional, autorizada por la AGNU, con el mandato de garantizar la seguridad y la protecci\u00f3n de la poblaci\u00f3n civil y facilitar la entrega de ayuda humanitaria y alimentos&#8221;.<\/p>\n<p style=\"text-align: justify\">Cabe destacar que esta ma\u00f1ana se dio inicio en Kampala, Uganda, \u00a0los trabajos de la reuni\u00f3n ministerial preparatoria de la 19\u00aa cumbre del MNOAL, que se celebrar\u00e1 los d\u00edas viernes y s\u00e1bados de esta semana.<\/p>\n<p style=\"text-align: justify\">\n","protected":false},"excerpt":{"rendered":"<p>Kampala, 17 ene (SANA) Cuba reiter\u00f3 su apoyo a la causa palestina ante Movimiento de Pa\u00edses no Alineados (MNOAL), y destac\u00f3 la necesidad de poner fin a las barbaridades israel\u00edes en Gaza. Esta postura fue expresada por el ministro de Exteriores cubano, Bruno Rodr\u00edguez ,durante la reuni\u00f3n de Comit\u00e9 Ministerial de MNOAL sobre Palestina. El &hellip;<\/p>\n","protected":false},"author":24,"featured_media":319815,"comment_status":"closed","ping_status":"closed","sticky":false,"template":"","format":"standard","meta":{"footnotes":""},"categories":[597,456,16687,20724,7541],"tags":[],"class_list":["post-319814","post","type-post","status-publish","format-standard","has-post-thumbnail","","category-cinta-de-noticias","category-arabe-internacional-politica","category-internacionales","category-minuto-a-minuto","category-ultimas-noticias"],"_links":{"self":[{"href":"https:\/\/archive.sana.sy\/es\/index.php?rest_route=\/wp\/v2\/posts\/319814"}],"collection":[{"href":"https:\/\/archive.sana.sy\/es\/index.php?rest_route=\/wp\/v2\/posts"}],"about":[{"href":"https:\/\/archive.sana.sy\/es\/index.php?rest_route=\/wp\/v2\/types\/post"}],"author":[{"embeddable":true,"href":"https:\/\/archive.sana.sy\/es\/index.php?rest_route=\/wp\/v2\/users\/24"}],"replies":[{"embeddable":true,"href":"https:\/\/archive.sana.sy\/es\/index.php?rest_route=%2Fwp%2Fv2%2Fcomments&post=319814"}],"version-history":[{"count":3,"href":"https:\/\/archive.sana.sy\/es\/index.php?rest_route=\/wp\/v2\/posts\/319814\/revisions"}],"predecessor-version":[{"id":319824,"href":"https:\/\/archive.sana.sy\/es\/index.php?rest_route=\/wp\/v2\/posts\/319814\/revisions\/319824"}],"wp:featuredmedia":[{"embeddable":true,"href":"https:\/\/archive.sana.sy\/es\/index.php?rest_route=\/wp\/v2\/media\/319815"}],"wp:attachment":[{"href":"https:\/\/archive.sana.sy\/es\/index.php?rest_route=%2Fwp%2Fv2%2Fmedia&parent=319814"}],"wp:term":[{"taxonomy":"category","embeddable":true,"href":"https:\/\/archive.sana.sy\/es\/index.php?rest_route=%2Fwp%2Fv2%2Fcategories&post=319814"},{"taxonomy":"post_tag","embeddable":true,"href":"https:\/\/archive.sana.sy\/es\/index.php?rest_route=%2Fwp%2Fv2%2Ftags&post=319814"}],"curies":[{"name":"wp","href":"https:\/\/api.w.org\/{rel}","templated":true}]}}