{"id":319818,"date":"2024-01-17T20:03:10","date_gmt":"2024-01-17T17:03:10","guid":{"rendered":"https:\/\/sana.sy\/es\/?p=319818"},"modified":"2024-01-17T20:03:52","modified_gmt":"2024-01-17T17:03:52","slug":"vicecanciller-sirio-celebra-reuniones-con-sus-homologos-de-corea-del-norte-y-venezuela-en-kampala","status":"publish","type":"post","link":"https:\/\/archive.sana.sy\/es\/?p=319818","title":{"rendered":"Vicecanciller sirio celebra reuniones con sus hom\u00f3logos de Corea del Norte y Venezuela en Kampala"},"content":{"rendered":"<p style=\"text-align: justify\"><span style=\"color: #800000\"><strong>Kampala, 17 ene (SANA)<\/strong> <\/span>Al margen de su participaci\u00f3n en la reuni\u00f3n ministerial preparatoria de la cumbre del Movimiento de Pa\u00edses No Alineados (MNOAL) en Kampala, Uganda, el viceministro de Relaciones Exteriores y Expatriados, Bassam Sabbagh, sostuvo este mi\u00e9rcoles, dos reuniones por separado con sus hom\u00f3logos de la Rep\u00fablica Democr\u00e1tica de Corea del Norte y la Rep\u00fablica Bolivariana de Venezuela.<\/p>\n<p style=\"text-align: justify\">Sabbagh y su par norcoreano hicieron hincapi\u00e9 en la importancia de continuar la coordinaci\u00f3n binacional en todos los foros internacionales para enfrentar las violaciones cometidas por Estados Unidos y sus aliados occidentales al derecho internacional y a la Carta de las Naciones Unidas.<\/p>\n<p><img loading=\"lazy\" decoding=\"async\" class=\"wp-image-319820 size-medium alignleft\" src=\"http:\/\/sana.sy\/es\/wp-content\/uploads\/2024\/01\/Vicecanciller-sirio-celebra-reuniones-con-sus-homologos-de-Corea-del-Norte-y-Venezuela-en-Kampala-2-300x187.jpg\" alt=\"\" width=\"300\" height=\"187\" srcset=\"https:\/\/archive.sana.sy\/es\/wp-content\/uploads\/2024\/01\/Vicecanciller-sirio-celebra-reuniones-con-sus-homologos-de-Corea-del-Norte-y-Venezuela-en-Kampala-2-300x187.jpg 300w, https:\/\/archive.sana.sy\/es\/wp-content\/uploads\/2024\/01\/Vicecanciller-sirio-celebra-reuniones-con-sus-homologos-de-Corea-del-Norte-y-Venezuela-en-Kampala-2-150x93.jpg 150w, https:\/\/archive.sana.sy\/es\/wp-content\/uploads\/2024\/01\/Vicecanciller-sirio-celebra-reuniones-con-sus-homologos-de-Corea-del-Norte-y-Venezuela-en-Kampala-2.jpg 660w\" sizes=\"(max-width: 300px) 100vw, 300px\" \/><\/p>\n<p style=\"text-align: justify\">Asimismo Sabbagh repas\u00f3 con la vicecanciller venezolana, Tatiana Pugh la peligrosa escalada israel\u00ed en Oriente Medio representada por la agresi\u00f3n en curso contra el pueblo palestino durante m\u00e1s de 100 d\u00edas, as\u00ed como las violaciones israel\u00edes a la soberan\u00eda de Siria y el L\u00edbano.<\/p>\n<p style=\"text-align: justify\">Las dos partes reiteraron su apoyo a la iniciativa de Sud\u00e1frica de demandar a la entidad ocupante ante la Corte Internacional de Justicia por cometer genocidio contra el pueblo palestino.<\/p>\n<p style=\"text-align: justify\">Asimismo enfatizaron la necesidad de consolidar las relaciones bilaterales en diversos campos, lo que contribuye a aliviar el impacto de las medidas coercitivas unilaterales ilegales de Washington y sus aliados a los dos pueblos amigos.<\/p>\n<p style=\"text-align: justify\">la<\/p>\n","protected":false},"excerpt":{"rendered":"<p>Kampala, 17 ene (SANA) Al margen de su participaci\u00f3n en la reuni\u00f3n ministerial preparatoria de la cumbre del Movimiento de Pa\u00edses No Alineados (MNOAL) en Kampala, Uganda, el viceministro de Relaciones Exteriores y Expatriados, Bassam Sabbagh, sostuvo este mi\u00e9rcoles, dos reuniones por separado con sus hom\u00f3logos de la Rep\u00fablica Democr\u00e1tica de Corea del Norte y &hellip;<\/p>\n","protected":false},"author":24,"featured_media":319822,"comment_status":"closed","ping_status":"closed","sticky":false,"template":"","format":"standard","meta":{"footnotes":""},"categories":[597,20724,467,583],"tags":[],"class_list":["post-319818","post","type-post","status-publish","format-standard","has-post-thumbnail","","category-cinta-de-noticias","category-minuto-a-minuto","category-siria-y-el-mundo","category-slide"],"_links":{"self":[{"href":"https:\/\/archive.sana.sy\/es\/index.php?rest_route=\/wp\/v2\/posts\/319818"}],"collection":[{"href":"https:\/\/archive.sana.sy\/es\/index.php?rest_route=\/wp\/v2\/posts"}],"about":[{"href":"https:\/\/archive.sana.sy\/es\/index.php?rest_route=\/wp\/v2\/types\/post"}],"author":[{"embeddable":true,"href":"https:\/\/archive.sana.sy\/es\/index.php?rest_route=\/wp\/v2\/users\/24"}],"replies":[{"embeddable":true,"href":"https:\/\/archive.sana.sy\/es\/index.php?rest_route=%2Fwp%2Fv2%2Fcomments&post=319818"}],"version-history":[{"count":2,"href":"https:\/\/archive.sana.sy\/es\/index.php?rest_route=\/wp\/v2\/posts\/319818\/revisions"}],"predecessor-version":[{"id":319823,"href":"https:\/\/archive.sana.sy\/es\/index.php?rest_route=\/wp\/v2\/posts\/319818\/revisions\/319823"}],"wp:featuredmedia":[{"embeddable":true,"href":"https:\/\/archive.sana.sy\/es\/index.php?rest_route=\/wp\/v2\/media\/319822"}],"wp:attachment":[{"href":"https:\/\/archive.sana.sy\/es\/index.php?rest_route=%2Fwp%2Fv2%2Fmedia&parent=319818"}],"wp:term":[{"taxonomy":"category","embeddable":true,"href":"https:\/\/archive.sana.sy\/es\/index.php?rest_route=%2Fwp%2Fv2%2Fcategories&post=319818"},{"taxonomy":"post_tag","embeddable":true,"href":"https:\/\/archive.sana.sy\/es\/index.php?rest_route=%2Fwp%2Fv2%2Ftags&post=319818"}],"curies":[{"name":"wp","href":"https:\/\/api.w.org\/{rel}","templated":true}]}}