{"id":319833,"date":"2024-01-18T10:58:53","date_gmt":"2024-01-18T07:58:53","guid":{"rendered":"https:\/\/sana.sy\/es\/?p=319833"},"modified":"2024-01-18T10:58:53","modified_gmt":"2024-01-18T07:58:53","slug":"muere-un-oficial-de-la-guardia-revolucionaria-de-iran-en-un-ataque-en-provincia-de-sistan-y-baluchistan","status":"publish","type":"post","link":"https:\/\/archive.sana.sy\/es\/?p=319833","title":{"rendered":"Muere un oficial de la Guardia  Revolucionaria de Ir\u00e1n en un ataque en provincia de Sist\u00e1n y Baluchist\u00e1n"},"content":{"rendered":"<p style=\"text-align: justify;\"><span style=\"color: #800000;\"><strong>Teher\u00e1n, 17 ene (SANA)<\/strong><\/span> El Cuerpo de Guardianes de la Revoluci\u00f3n Isl\u00e1mica de Ir\u00e1n (CGRI), anunci\u00f3 hoy la muerte de uno de sus cuadros en un acto terrorista en la provincia de Sist\u00e1n y Baluchist\u00e1n.<\/p>\n<p style=\"text-align: justify;\">\u00a0\u201cEl coronel Hussein Ali Javadanfar, un miembro de la Guardia Revolucionaria, fue blanco en un tiroteo terrorista cuando regres\u00f3 de su trabajo en la carretera Khash que conduce a la ciudad de Zahedan, lo que llev\u00f3 a su muerto&#8221;, inform\u00f3 la CGRI dijo en un comunicado.<\/p>\n<p style=\"text-align: justify;\">El comunicado agreg\u00f3 que las investigaciones contin\u00faan para identificar a los responsables de este crimen.<\/p>\n<p>lo\/fm<\/p>\n","protected":false},"excerpt":{"rendered":"<p>Teher\u00e1n, 17 ene (SANA) El Cuerpo de Guardianes de la Revoluci\u00f3n Isl\u00e1mica de Ir\u00e1n (CGRI), anunci\u00f3 hoy la muerte de uno de sus cuadros en un acto terrorista en la provincia de Sist\u00e1n y Baluchist\u00e1n. \u00a0\u201cEl coronel Hussein Ali Javadanfar, un miembro de la Guardia Revolucionaria, fue blanco en un tiroteo terrorista cuando regres\u00f3 de &hellip;<\/p>\n","protected":false},"author":34,"featured_media":319834,"comment_status":"closed","ping_status":"closed","sticky":false,"template":"","format":"standard","meta":{"footnotes":""},"categories":[597,456,16687,20724,7541],"tags":[],"class_list":["post-319833","post","type-post","status-publish","format-standard","has-post-thumbnail","","category-cinta-de-noticias","category-arabe-internacional-politica","category-internacionales","category-minuto-a-minuto","category-ultimas-noticias"],"_links":{"self":[{"href":"https:\/\/archive.sana.sy\/es\/index.php?rest_route=\/wp\/v2\/posts\/319833"}],"collection":[{"href":"https:\/\/archive.sana.sy\/es\/index.php?rest_route=\/wp\/v2\/posts"}],"about":[{"href":"https:\/\/archive.sana.sy\/es\/index.php?rest_route=\/wp\/v2\/types\/post"}],"author":[{"embeddable":true,"href":"https:\/\/archive.sana.sy\/es\/index.php?rest_route=\/wp\/v2\/users\/34"}],"replies":[{"embeddable":true,"href":"https:\/\/archive.sana.sy\/es\/index.php?rest_route=%2Fwp%2Fv2%2Fcomments&post=319833"}],"version-history":[{"count":1,"href":"https:\/\/archive.sana.sy\/es\/index.php?rest_route=\/wp\/v2\/posts\/319833\/revisions"}],"predecessor-version":[{"id":319835,"href":"https:\/\/archive.sana.sy\/es\/index.php?rest_route=\/wp\/v2\/posts\/319833\/revisions\/319835"}],"wp:featuredmedia":[{"embeddable":true,"href":"https:\/\/archive.sana.sy\/es\/index.php?rest_route=\/wp\/v2\/media\/319834"}],"wp:attachment":[{"href":"https:\/\/archive.sana.sy\/es\/index.php?rest_route=%2Fwp%2Fv2%2Fmedia&parent=319833"}],"wp:term":[{"taxonomy":"category","embeddable":true,"href":"https:\/\/archive.sana.sy\/es\/index.php?rest_route=%2Fwp%2Fv2%2Fcategories&post=319833"},{"taxonomy":"post_tag","embeddable":true,"href":"https:\/\/archive.sana.sy\/es\/index.php?rest_route=%2Fwp%2Fv2%2Ftags&post=319833"}],"curies":[{"name":"wp","href":"https:\/\/api.w.org\/{rel}","templated":true}]}}