{"id":319837,"date":"2024-01-18T11:33:42","date_gmt":"2024-01-18T08:33:42","guid":{"rendered":"https:\/\/sana.sy\/es\/?p=319837"},"modified":"2024-01-18T11:35:28","modified_gmt":"2024-01-18T08:35:28","slug":"shakur-repasa-con-una-delegacion-rusa-la-cooperacion-conjunta-para-el-retorno-de-desplazados-sirios","status":"publish","type":"post","link":"https:\/\/archive.sana.sy\/es\/?p=319837","title":{"rendered":"Shakur repasa con una delegaci\u00f3n rusa la cooperaci\u00f3n conjunta para el retorno de desplazados sirios"},"content":{"rendered":"<p style=\"text-align: justify;\"><span style=\"color: #800000;\"><strong>Damasco, 18 ene (SANA)<\/strong><\/span> La ministra de Administraci\u00f3n Municipal, Lamia Shakkur, sostuvo conversaciones con el general Sergei Gashkov, subcomandante de las Fuerzas Rusas para Asuntos de Reconciliaci\u00f3n, y con el mayor general Vadim Collet, el jefe del Centro de Coordinaci\u00f3n ruso en Damasco y la regi\u00f3n sur de Siria.<\/p>\n<p style=\"text-align: justify;\">Las dos partes abordaron la cooperaci\u00f3n conjunta sirio-rusa para el regreso de los sirios desplazados y facilitar su regreso al pa\u00eds.<\/p>\n<p style=\"text-align: justify;\">La ministra Shakour destac\u00f3 la cooperaci\u00f3n existente entre las partes siria y rusa, y las formas de mejorarla.<\/p>\n<p>lo\/fm<\/p>\n","protected":false},"excerpt":{"rendered":"<p>Damasco, 18 ene (SANA) La ministra de Administraci\u00f3n Municipal, Lamia Shakkur, sostuvo conversaciones con el general Sergei Gashkov, subcomandante de las Fuerzas Rusas para Asuntos de Reconciliaci\u00f3n, y con el mayor general Vadim Collet, el jefe del Centro de Coordinaci\u00f3n ruso en Damasco y la regi\u00f3n sur de Siria. Las dos partes abordaron la cooperaci\u00f3n &hellip;<\/p>\n","protected":false},"author":34,"featured_media":319838,"comment_status":"closed","ping_status":"closed","sticky":false,"template":"","format":"standard","meta":{"footnotes":""},"categories":[477,597,20724,16688,7541],"tags":[],"class_list":["post-319837","post","type-post","status-publish","format-standard","has-post-thumbnail","","category-noticias-edulcorantes","category-cinta-de-noticias","category-minuto-a-minuto","category-nacionales","category-ultimas-noticias"],"_links":{"self":[{"href":"https:\/\/archive.sana.sy\/es\/index.php?rest_route=\/wp\/v2\/posts\/319837"}],"collection":[{"href":"https:\/\/archive.sana.sy\/es\/index.php?rest_route=\/wp\/v2\/posts"}],"about":[{"href":"https:\/\/archive.sana.sy\/es\/index.php?rest_route=\/wp\/v2\/types\/post"}],"author":[{"embeddable":true,"href":"https:\/\/archive.sana.sy\/es\/index.php?rest_route=\/wp\/v2\/users\/34"}],"replies":[{"embeddable":true,"href":"https:\/\/archive.sana.sy\/es\/index.php?rest_route=%2Fwp%2Fv2%2Fcomments&post=319837"}],"version-history":[{"count":2,"href":"https:\/\/archive.sana.sy\/es\/index.php?rest_route=\/wp\/v2\/posts\/319837\/revisions"}],"predecessor-version":[{"id":319840,"href":"https:\/\/archive.sana.sy\/es\/index.php?rest_route=\/wp\/v2\/posts\/319837\/revisions\/319840"}],"wp:featuredmedia":[{"embeddable":true,"href":"https:\/\/archive.sana.sy\/es\/index.php?rest_route=\/wp\/v2\/media\/319838"}],"wp:attachment":[{"href":"https:\/\/archive.sana.sy\/es\/index.php?rest_route=%2Fwp%2Fv2%2Fmedia&parent=319837"}],"wp:term":[{"taxonomy":"category","embeddable":true,"href":"https:\/\/archive.sana.sy\/es\/index.php?rest_route=%2Fwp%2Fv2%2Fcategories&post=319837"},{"taxonomy":"post_tag","embeddable":true,"href":"https:\/\/archive.sana.sy\/es\/index.php?rest_route=%2Fwp%2Fv2%2Ftags&post=319837"}],"curies":[{"name":"wp","href":"https:\/\/api.w.org\/{rel}","templated":true}]}}