{"id":319841,"date":"2024-01-18T13:46:29","date_gmt":"2024-01-18T10:46:29","guid":{"rendered":"https:\/\/sana.sy\/es\/?p=319841"},"modified":"2024-01-18T18:29:59","modified_gmt":"2024-01-18T15:29:59","slug":"el-minuto-a-minuto-de-la-agresion-israeli-a-gaza-13","status":"publish","type":"post","link":"https:\/\/archive.sana.sy\/es\/?p=319841","title":{"rendered":"El Minuto a minuto de la agresi\u00f3n israel\u00ed a Gaza"},"content":{"rendered":"<p style=\"text-align: justify;\"><span style=\"color: #800000;\"><strong>Jerusal\u00e9n ocupada, 18 ene (SANA)<\/strong><\/span> A continuaci\u00f3n, los desarrollos m\u00e1s recientes sobre la agresi\u00f3n israel\u00ed contra la Franja de Gaza:<\/p>\n<p>???????? Ministerio palestino de Salud: El n\u00famero de v\u00edctimas de la agresi\u00f3n israel\u00ed a la Franja de Gaza se eleva a 24.620 muertos y 61.830 heridos.<\/p>\n<p>???????? Ministerio palestino de Salud: Durante las \u00faltimas 24 horas, el ocupante israel\u00ed cometi\u00f3 15 masacres contra familias en la Franja de Gaza.<\/p>\n<p>???????? Decenas de muertos y heridos palestinos en el d\u00eda 104 de la agresi\u00f3n genocida israel\u00ed contra Gaza.<\/p>\n<p style=\"text-align: justify;\">???????? Combatientes de la resistencia palestina atacan con un proyectil TBG anti-fortificado a militares israel\u00edes desplegados en una vivienda palestina al este de la ciudad de Khan Yunis, al sur de Gaza, dejando cinco muertos entre ellos.<\/p>\n<p style=\"text-align: justify;\">???????? Se eleva a 16 el n\u00famero de muertos en el bombardeo israel\u00ed contra una casa en Rafah, la mayor\u00eda son mujeres y ni\u00f1os, informaron medios palestinos.<\/p>\n<p style=\"text-align: justify;\">???????? Medios de prensa palestinos reportan seis m\u00e1rtires y varios heridos en un bombardeo israel\u00ed contra una casa al este de Rafah, en el sur de la Franja de Gaza.<\/p>\n<p style=\"text-align: justify;\">ed\/fm<\/p>\n<p style=\"text-align: justify;\">\n","protected":false},"excerpt":{"rendered":"<p>Jerusal\u00e9n ocupada, 18 ene (SANA) A continuaci\u00f3n, los desarrollos m\u00e1s recientes sobre la agresi\u00f3n israel\u00ed contra la Franja de Gaza: ???????? Ministerio palestino de Salud: El n\u00famero de v\u00edctimas de la agresi\u00f3n israel\u00ed a la Franja de Gaza se eleva a 24.620 muertos y 61.830 heridos. ???????? Ministerio palestino de Salud: Durante las \u00faltimas 24 &hellip;<\/p>\n","protected":false},"author":32,"featured_media":319842,"comment_status":"closed","ping_status":"closed","sticky":false,"template":"","format":"standard","meta":{"footnotes":""},"categories":[597,456,20724,583],"tags":[],"class_list":["post-319841","post","type-post","status-publish","format-standard","has-post-thumbnail","","category-cinta-de-noticias","category-arabe-internacional-politica","category-minuto-a-minuto","category-slide"],"_links":{"self":[{"href":"https:\/\/archive.sana.sy\/es\/index.php?rest_route=\/wp\/v2\/posts\/319841"}],"collection":[{"href":"https:\/\/archive.sana.sy\/es\/index.php?rest_route=\/wp\/v2\/posts"}],"about":[{"href":"https:\/\/archive.sana.sy\/es\/index.php?rest_route=\/wp\/v2\/types\/post"}],"author":[{"embeddable":true,"href":"https:\/\/archive.sana.sy\/es\/index.php?rest_route=\/wp\/v2\/users\/32"}],"replies":[{"embeddable":true,"href":"https:\/\/archive.sana.sy\/es\/index.php?rest_route=%2Fwp%2Fv2%2Fcomments&post=319841"}],"version-history":[{"count":3,"href":"https:\/\/archive.sana.sy\/es\/index.php?rest_route=\/wp\/v2\/posts\/319841\/revisions"}],"predecessor-version":[{"id":319884,"href":"https:\/\/archive.sana.sy\/es\/index.php?rest_route=\/wp\/v2\/posts\/319841\/revisions\/319884"}],"wp:featuredmedia":[{"embeddable":true,"href":"https:\/\/archive.sana.sy\/es\/index.php?rest_route=\/wp\/v2\/media\/319842"}],"wp:attachment":[{"href":"https:\/\/archive.sana.sy\/es\/index.php?rest_route=%2Fwp%2Fv2%2Fmedia&parent=319841"}],"wp:term":[{"taxonomy":"category","embeddable":true,"href":"https:\/\/archive.sana.sy\/es\/index.php?rest_route=%2Fwp%2Fv2%2Fcategories&post=319841"},{"taxonomy":"post_tag","embeddable":true,"href":"https:\/\/archive.sana.sy\/es\/index.php?rest_route=%2Fwp%2Fv2%2Ftags&post=319841"}],"curies":[{"name":"wp","href":"https:\/\/api.w.org\/{rel}","templated":true}]}}