{"id":319848,"date":"2024-01-18T14:46:48","date_gmt":"2024-01-18T11:46:48","guid":{"rendered":"https:\/\/sana.sy\/es\/?p=319848"},"modified":"2024-01-18T14:46:48","modified_gmt":"2024-01-18T11:46:48","slug":"israel-reanuda-sus-agresiones-contra-ciudades-en-el-sur-del-libano","status":"publish","type":"post","link":"https:\/\/archive.sana.sy\/es\/?p=319848","title":{"rendered":"\u201cIsrael\u201d reanuda sus agresiones contra ciudades en el sur del L\u00edbano"},"content":{"rendered":"<p style=\"text-align: justify;\"><span style=\"color: #800000;\"><strong>Beirut, 18 ene (SANA)\u00a0<\/strong><\/span> Las fuerzas del ocupante israel\u00ed reanudaron sus bombardeos y ataques contra varias aldeas y ciudades libanesas.<\/p>\n<p style=\"text-align: justify;\">&#8220;Un dron enemigo bombarde\u00f3 un coche en el mercado de Al-Khan cerca de la ciudad de Kawkaba, y al mismo tiempo el ej\u00e9rcito israel\u00ed dispar\u00f3 dos proyectiles a las afueras de la ciudad, seg\u00fan inform\u00f3 la Agencia Nacional de Noticias Libanesa.<\/p>\n<p style=\"text-align: justify;\">Adem\u00e1s, aviones de combate israel\u00edes\u00a0 lanzaron incursiones a las inmediaciones de las localidades Al-Taybeh y Al-Adisa.<\/p>\n<p>ed\/sm<\/p>\n","protected":false},"excerpt":{"rendered":"<p>Beirut, 18 ene (SANA)\u00a0 Las fuerzas del ocupante israel\u00ed reanudaron sus bombardeos y ataques contra varias aldeas y ciudades libanesas. &#8220;Un dron enemigo bombarde\u00f3 un coche en el mercado de Al-Khan cerca de la ciudad de Kawkaba, y al mismo tiempo el ej\u00e9rcito israel\u00ed dispar\u00f3 dos proyectiles a las afueras de la ciudad, seg\u00fan inform\u00f3 &hellip;<\/p>\n","protected":false},"author":32,"featured_media":319849,"comment_status":"closed","ping_status":"closed","sticky":false,"template":"","format":"standard","meta":{"footnotes":""},"categories":[597,456,20724,7541],"tags":[],"class_list":["post-319848","post","type-post","status-publish","format-standard","has-post-thumbnail","","category-cinta-de-noticias","category-arabe-internacional-politica","category-minuto-a-minuto","category-ultimas-noticias"],"_links":{"self":[{"href":"https:\/\/archive.sana.sy\/es\/index.php?rest_route=\/wp\/v2\/posts\/319848"}],"collection":[{"href":"https:\/\/archive.sana.sy\/es\/index.php?rest_route=\/wp\/v2\/posts"}],"about":[{"href":"https:\/\/archive.sana.sy\/es\/index.php?rest_route=\/wp\/v2\/types\/post"}],"author":[{"embeddable":true,"href":"https:\/\/archive.sana.sy\/es\/index.php?rest_route=\/wp\/v2\/users\/32"}],"replies":[{"embeddable":true,"href":"https:\/\/archive.sana.sy\/es\/index.php?rest_route=%2Fwp%2Fv2%2Fcomments&post=319848"}],"version-history":[{"count":1,"href":"https:\/\/archive.sana.sy\/es\/index.php?rest_route=\/wp\/v2\/posts\/319848\/revisions"}],"predecessor-version":[{"id":319850,"href":"https:\/\/archive.sana.sy\/es\/index.php?rest_route=\/wp\/v2\/posts\/319848\/revisions\/319850"}],"wp:featuredmedia":[{"embeddable":true,"href":"https:\/\/archive.sana.sy\/es\/index.php?rest_route=\/wp\/v2\/media\/319849"}],"wp:attachment":[{"href":"https:\/\/archive.sana.sy\/es\/index.php?rest_route=%2Fwp%2Fv2%2Fmedia&parent=319848"}],"wp:term":[{"taxonomy":"category","embeddable":true,"href":"https:\/\/archive.sana.sy\/es\/index.php?rest_route=%2Fwp%2Fv2%2Fcategories&post=319848"},{"taxonomy":"post_tag","embeddable":true,"href":"https:\/\/archive.sana.sy\/es\/index.php?rest_route=%2Fwp%2Fv2%2Ftags&post=319848"}],"curies":[{"name":"wp","href":"https:\/\/api.w.org\/{rel}","templated":true}]}}