{"id":319851,"date":"2024-01-18T15:30:53","date_gmt":"2024-01-18T12:30:53","guid":{"rendered":"https:\/\/sana.sy\/es\/?p=319851"},"modified":"2024-01-18T18:42:40","modified_gmt":"2024-01-18T15:42:40","slug":"decenas-de-muertos-y-heridos-palestinos-en-el-dia-104-de-la-agresion-genocida-israeli-contra-gaza","status":"publish","type":"post","link":"https:\/\/archive.sana.sy\/es\/?p=319851","title":{"rendered":"Decenas de muertos y heridos palestinos en el d\u00eda 104 de la agresi\u00f3n genocida israel\u00ed contra Gaza"},"content":{"rendered":"<p style=\"text-align: justify;\"><span style=\"color: #800000;\"><strong>Jerusal\u00e9n ocupada, 18 ene (SANA)\u00a0<\/strong> <\/span>Decenas de palestinos fueron asesinados y heridos hoy como resultado de la actual agresi\u00f3n israel\u00ed durante el d\u00eda 104 contra la Franja de Gaza.<\/p>\n<p style=\"text-align: justify;\">Medios de prensa palestinos informaron que 19 palestinos fueron matados y decenas resultaron heridos, la mayor\u00eda de ellos ni\u00f1os y mujeres, como resultado de una masacre cometida por los cazas del ocupante sionista al amanecer de hoy al este de Rafah.<\/p>\n<p style=\"text-align: justify;\">Los ataques israel\u00edes tambi\u00e9n tuvieron como objetivo el campamento de Shaboura en el centro de Rafah, lo que provoc\u00f3 la muerte y heridas a varios palestinos, incluidos ni\u00f1os.<\/p>\n<p style=\"text-align: justify;\">De igual manera, en el norte de la Franja de Gaza, varios palestinos fueron asesinados y heridos debido a los ataques de aviones y artiller\u00eda israel\u00edes contra las localidades de Jabalia al-Balad, Beit Hanoun y Beit Lahia.<\/p>\n<p style=\"text-align: justify;\">El Ministerio de Salud palestino hab\u00eda anunciado que el n\u00famero de v\u00edctimas de la actual agresi\u00f3n israel\u00ed aument\u00f3 a 24.448 muertos y 61.504 heridos, adem\u00e1s de miles de personas desaparecidas.<\/p>\n<p style=\"text-align: justify;\">sm\/ed<\/p>\n","protected":false},"excerpt":{"rendered":"<p>Jerusal\u00e9n ocupada, 18 ene (SANA)\u00a0 Decenas de palestinos fueron asesinados y heridos hoy como resultado de la actual agresi\u00f3n israel\u00ed durante el d\u00eda 104 contra la Franja de Gaza. Medios de prensa palestinos informaron que 19 palestinos fueron matados y decenas resultaron heridos, la mayor\u00eda de ellos ni\u00f1os y mujeres, como resultado de una masacre &hellip;<\/p>\n","protected":false},"author":32,"featured_media":319854,"comment_status":"closed","ping_status":"closed","sticky":false,"template":"","format":"standard","meta":{"footnotes":""},"categories":[597,456,20724,583],"tags":[],"class_list":["post-319851","post","type-post","status-publish","format-standard","has-post-thumbnail","","category-cinta-de-noticias","category-arabe-internacional-politica","category-minuto-a-minuto","category-slide"],"_links":{"self":[{"href":"https:\/\/archive.sana.sy\/es\/index.php?rest_route=\/wp\/v2\/posts\/319851"}],"collection":[{"href":"https:\/\/archive.sana.sy\/es\/index.php?rest_route=\/wp\/v2\/posts"}],"about":[{"href":"https:\/\/archive.sana.sy\/es\/index.php?rest_route=\/wp\/v2\/types\/post"}],"author":[{"embeddable":true,"href":"https:\/\/archive.sana.sy\/es\/index.php?rest_route=\/wp\/v2\/users\/32"}],"replies":[{"embeddable":true,"href":"https:\/\/archive.sana.sy\/es\/index.php?rest_route=%2Fwp%2Fv2%2Fcomments&post=319851"}],"version-history":[{"count":3,"href":"https:\/\/archive.sana.sy\/es\/index.php?rest_route=\/wp\/v2\/posts\/319851\/revisions"}],"predecessor-version":[{"id":319856,"href":"https:\/\/archive.sana.sy\/es\/index.php?rest_route=\/wp\/v2\/posts\/319851\/revisions\/319856"}],"wp:featuredmedia":[{"embeddable":true,"href":"https:\/\/archive.sana.sy\/es\/index.php?rest_route=\/wp\/v2\/media\/319854"}],"wp:attachment":[{"href":"https:\/\/archive.sana.sy\/es\/index.php?rest_route=%2Fwp%2Fv2%2Fmedia&parent=319851"}],"wp:term":[{"taxonomy":"category","embeddable":true,"href":"https:\/\/archive.sana.sy\/es\/index.php?rest_route=%2Fwp%2Fv2%2Fcategories&post=319851"},{"taxonomy":"post_tag","embeddable":true,"href":"https:\/\/archive.sana.sy\/es\/index.php?rest_route=%2Fwp%2Fv2%2Ftags&post=319851"}],"curies":[{"name":"wp","href":"https:\/\/api.w.org\/{rel}","templated":true}]}}