{"id":319858,"date":"2024-01-18T16:30:02","date_gmt":"2024-01-18T13:30:02","guid":{"rendered":"https:\/\/sana.sy\/es\/?p=319858"},"modified":"2024-01-18T16:40:59","modified_gmt":"2024-01-18T13:40:59","slug":"319858","status":"publish","type":"post","link":"https:\/\/archive.sana.sy\/es\/?p=319858","title":{"rendered":"Siria insta a cesar agresi\u00f3n israel\u00ed contra el pueblo palestino y garantizar acceso de ayuda humanitaria"},"content":{"rendered":"<p style=\"text-align: justify;\"><strong><span style=\"color: #800000;\">Kampala, 18 ene (SANA)<\/span> <\/strong>El Viceministro sirio de Asuntos Exteriores y Expatriados, Bassam Sabbagh, subray\u00f3 la necesidad de movilizar todos los esfuerzos para cesar la agresi\u00f3n israel\u00ed contra el pueblo palestino, garantizar el acceso de ayuda humanitaria y parar los intentos de desplazamiento forzado en todas sus formas.<\/p>\n<p style=\"text-align: justify;\"><img loading=\"lazy\" decoding=\"async\" class=\"size-medium wp-image-319865 alignright\" src=\"http:\/\/sana.sy\/es\/wp-content\/uploads\/2024\/01\/Siria-insta-a-cesar-agresion-israeli-contra-el-pueblo-palestino-y-garantizar-acceso-de-ayuda-humanitaria-2-300x168.jpeg\" alt=\"\" width=\"300\" height=\"168\" srcset=\"https:\/\/archive.sana.sy\/es\/wp-content\/uploads\/2024\/01\/Siria-insta-a-cesar-agresion-israeli-contra-el-pueblo-palestino-y-garantizar-acceso-de-ayuda-humanitaria-2-300x168.jpeg 300w, https:\/\/archive.sana.sy\/es\/wp-content\/uploads\/2024\/01\/Siria-insta-a-cesar-agresion-israeli-contra-el-pueblo-palestino-y-garantizar-acceso-de-ayuda-humanitaria-2-150x84.jpeg 150w, https:\/\/archive.sana.sy\/es\/wp-content\/uploads\/2024\/01\/Siria-insta-a-cesar-agresion-israeli-contra-el-pueblo-palestino-y-garantizar-acceso-de-ayuda-humanitaria-2.jpeg 660w\" sizes=\"(max-width: 300px) 100vw, 300px\" \/><\/p>\n<p style=\"text-align: justify;\">Sabbagh, durante su participaci\u00f3n en la quinta reuni\u00f3n a nivel ministerial del Grupo de Amigos en Defensa de la Carta de las Naciones Unidas, que se celebr\u00f3 al margen de la reuni\u00f3n preparatoria de la XIX Cumbre de los pa\u00edses del Movimiento de Pa\u00edses No Alineados que se celebra actualmente en Uganda Kampala, destac\u00f3 la necesidad de responsabilizar a \u201cIsrael\u201d por sus acciones criminales.<\/p>\n<p style=\"text-align: justify;\">Asimismo el diplom\u00e1tico siro elogi\u00f3 la iniciativa de la Rep\u00fablica de Sud\u00e1frica de demandar a \u201cIsrael\u201d ante la Corte Internacional de Justicia por el crimen de genocidio contra los palestinos.<\/p>\n<p style=\"text-align: justify;\">Adem\u00e1s, el funcionario sirio asever\u00f3 que la paz y la estabilidad en la regi\u00f3n de Oriente Medio no se lograr\u00e1n sin poner fin a la ocupaci\u00f3n israel\u00ed de los territorios \u00e1rabes ocupados desde 1967, y sin que el pueblo palestino obtenga sus leg\u00edtimos derechos y establezca su Estado independiente.<\/p>\n<p style=\"text-align: justify;\">La reuni\u00f3n adopt\u00f3 una declaraci\u00f3n pol\u00edtica en la que los participantes expresaron su solidaridad con el pueblo palestino y su fuerte compromiso de apoyar su lucha para lograr sus derechos inalienables, poner fin a la ocupaci\u00f3n israel\u00ed y establecer un Estado palestino independiente con Jerusal\u00e9n como su capital.<\/p>\n<p style=\"text-align: justify;\">La declaraci\u00f3n tambi\u00e9n manifest\u00f3 profunda preocupaci\u00f3n por los repetidos ataques israel\u00edes a la soberan\u00eda de los territorios sirios.<\/p>\n<p style=\"text-align: justify;\">sm<\/p>\n","protected":false},"excerpt":{"rendered":"<p>Kampala, 18 ene (SANA) El Viceministro sirio de Asuntos Exteriores y Expatriados, Bassam Sabbagh, subray\u00f3 la necesidad de movilizar todos los esfuerzos para cesar la agresi\u00f3n israel\u00ed contra el pueblo palestino, garantizar el acceso de ayuda humanitaria y parar los intentos de desplazamiento forzado en todas sus formas. Sabbagh, durante su participaci\u00f3n en la quinta &hellip;<\/p>\n","protected":false},"author":39,"featured_media":319864,"comment_status":"closed","ping_status":"closed","sticky":false,"template":"","format":"standard","meta":{"footnotes":""},"categories":[477,597,20724,467,583],"tags":[],"class_list":["post-319858","post","type-post","status-publish","format-standard","has-post-thumbnail","","category-noticias-edulcorantes","category-cinta-de-noticias","category-minuto-a-minuto","category-siria-y-el-mundo","category-slide"],"_links":{"self":[{"href":"https:\/\/archive.sana.sy\/es\/index.php?rest_route=\/wp\/v2\/posts\/319858"}],"collection":[{"href":"https:\/\/archive.sana.sy\/es\/index.php?rest_route=\/wp\/v2\/posts"}],"about":[{"href":"https:\/\/archive.sana.sy\/es\/index.php?rest_route=\/wp\/v2\/types\/post"}],"author":[{"embeddable":true,"href":"https:\/\/archive.sana.sy\/es\/index.php?rest_route=\/wp\/v2\/users\/39"}],"replies":[{"embeddable":true,"href":"https:\/\/archive.sana.sy\/es\/index.php?rest_route=%2Fwp%2Fv2%2Fcomments&post=319858"}],"version-history":[{"count":5,"href":"https:\/\/archive.sana.sy\/es\/index.php?rest_route=\/wp\/v2\/posts\/319858\/revisions"}],"predecessor-version":[{"id":319866,"href":"https:\/\/archive.sana.sy\/es\/index.php?rest_route=\/wp\/v2\/posts\/319858\/revisions\/319866"}],"wp:featuredmedia":[{"embeddable":true,"href":"https:\/\/archive.sana.sy\/es\/index.php?rest_route=\/wp\/v2\/media\/319864"}],"wp:attachment":[{"href":"https:\/\/archive.sana.sy\/es\/index.php?rest_route=%2Fwp%2Fv2%2Fmedia&parent=319858"}],"wp:term":[{"taxonomy":"category","embeddable":true,"href":"https:\/\/archive.sana.sy\/es\/index.php?rest_route=%2Fwp%2Fv2%2Fcategories&post=319858"},{"taxonomy":"post_tag","embeddable":true,"href":"https:\/\/archive.sana.sy\/es\/index.php?rest_route=%2Fwp%2Fv2%2Ftags&post=319858"}],"curies":[{"name":"wp","href":"https:\/\/api.w.org\/{rel}","templated":true}]}}