{"id":319890,"date":"2024-01-18T20:35:14","date_gmt":"2024-01-18T17:35:14","guid":{"rendered":"https:\/\/sana.sy\/es\/?p=319890"},"modified":"2024-01-18T20:53:47","modified_gmt":"2024-01-18T17:53:47","slug":"israel-asesino-a-mas-de-24-mil-600-civiles-y-dejo-mas-de-62-mil-heridos-durante-su-agresion-contra-gaza","status":"publish","type":"post","link":"https:\/\/archive.sana.sy\/es\/?p=319890","title":{"rendered":"\u201cIsrael\u201d asesin\u00f3 a m\u00e1s de 24 mil civiles en Gaza durante su persistente agresi\u00f3n genocida"},"content":{"rendered":"<p style=\"text-align: justify;\"><span style=\"color: #800000;\"><strong>Jerusal\u00e9n ocupada, 18 ene (SANA)<\/strong> <\/span>En el d\u00eda 104 de la constante agresi\u00f3n israel\u00ed en la devastada Franja de Gaza, el n\u00famero de v\u00edctimas mortales ascendi\u00f3\u00a0 a m\u00e1s de 24 mil 600, adem\u00e1s de 61 mil 800 heridos, seg\u00fan inform\u00f3 el Ministerio de Salud palestino en un comunicado.<\/p>\n<p style=\"text-align: justify;\">\u201cEn las \u00faltimas 24 horas, Israel perpetr\u00f3 15 masacres contra familias enteras, dejando un saldo de 172 muertos y 326 heridos, lo que elev\u00f3 el n\u00famero total de v\u00edctimas mortales 24 mil 620 muertos, as\u00ed como \u00a061 mil 830 heridos\u201d, comunic\u00f3 el ente de salud.<\/p>\n<p style=\"text-align: justify;\">Inform\u00f3 que varias v\u00edctimas a\u00fan permanecen atrapadas bajo los escombros y en las calles, siendo inaccesibles para los equipos de rescate debido al constante bombardeo.<\/p>\n<p style=\"text-align: justify;\">En cuanto a las violaciones israel\u00edes al sistema de salud en Gaza, el Ministerio inform\u00f3 que la agresi\u00f3n nazi sald\u00f3 en la muerte de 337 profesionales de la salud y la detenci\u00f3n de 99, incluidos los directores de hospitales en el norte de Gaza.<\/p>\n<p style=\"text-align: justify;\">\u201cIsrael\u201d destruy\u00f3 30 hospitales y 53 centros de atenci\u00f3n m\u00e9dica, as\u00ed como dej\u00f3 fuera de servicio a 122 ambulancias y bombarde\u00f3 150 instituciones de salud, seg\u00fan detall\u00f3 la cartera de salud.<\/p>\n<p style=\"text-align: justify;\">El Ministerio denunci\u00f3 que la agresi\u00f3n genocida israel\u00ed tambi\u00e9n result\u00f3 en cientos de casos de abortos y partos prematuros debido al brutal bombardeo continuo en Gaza, en medio de la falta de atenci\u00f3n m\u00e9dica en los centros de refugio y la dificultad para acceder a hospitales, lo que pone en peligro la vida de alrededor de 60 mil mujeres embarazadas.<\/p>\n<p style=\"text-align: justify;\">Asimismo, advirti\u00f3 sobre las graves consecuencias de la falta de gas &#8220;nitroso&#8221; en los quir\u00f3fanos, poniendo en peligro la vida de cientos de heridos y situaciones de rescate, as\u00ed como la escasez de suministros para diversas pruebas de laboratorio y virales .<\/p>\n<p style=\"text-align: justify;\">Fustig\u00f3 que 350 mil pacientes cr\u00f3nicos est\u00e1n bajo amenaza de constante de muerte debido a la falta de medicamentos.<\/p>\n<p style=\"text-align: justify;\">En relaci\u00f3n con las condiciones humanitarias catastr\u00f3ficas en los centros de refugio, el Ministerio document\u00f3 m\u00e1s de 8,000 casos de infecciones por hepatitis viral tipo &#8220;A&#8221; debido a la congesti\u00f3n y la falta de higiene personal en estos lugares, e indic\u00f3 que las cifras reales son mucho mayores en diferentes \u00e1reas de Gaza.<\/p>\n<p style=\"text-align: justify;\">\u201cInstamos a todas las partes internacionales a trabajar en establecer mecanismos efectivos y solidarios para asegurar la asistencia m\u00e9dica seg\u00fan las necesidades requeridas y una intervenci\u00f3n urgente para evitar la cat\u00e1strofe de salud y humanitaria que enfrentan los desplazados debido a la propagaci\u00f3n de epidemias, la hambruna y la escasez de agua potable, as\u00ed como la falta de higiene personal\u201d, concluy\u00f3.<\/p>\n<p style=\"text-align: justify;\"><em><strong>ah<\/strong><\/em><\/p>\n","protected":false},"excerpt":{"rendered":"<p>Jerusal\u00e9n ocupada, 18 ene (SANA) En el d\u00eda 104 de la constante agresi\u00f3n israel\u00ed en la devastada Franja de Gaza, el n\u00famero de v\u00edctimas mortales ascendi\u00f3\u00a0 a m\u00e1s de 24 mil 600, adem\u00e1s de 61 mil 800 heridos, seg\u00fan inform\u00f3 el Ministerio de Salud palestino en un comunicado. \u201cEn las \u00faltimas 24 horas, Israel perpetr\u00f3 &hellip;<\/p>\n","protected":false},"author":30,"featured_media":319891,"comment_status":"closed","ping_status":"closed","sticky":false,"template":"","format":"standard","meta":{"footnotes":""},"categories":[597,456,20724,7541],"tags":[],"class_list":["post-319890","post","type-post","status-publish","format-standard","has-post-thumbnail","","category-cinta-de-noticias","category-arabe-internacional-politica","category-minuto-a-minuto","category-ultimas-noticias"],"_links":{"self":[{"href":"https:\/\/archive.sana.sy\/es\/index.php?rest_route=\/wp\/v2\/posts\/319890"}],"collection":[{"href":"https:\/\/archive.sana.sy\/es\/index.php?rest_route=\/wp\/v2\/posts"}],"about":[{"href":"https:\/\/archive.sana.sy\/es\/index.php?rest_route=\/wp\/v2\/types\/post"}],"author":[{"embeddable":true,"href":"https:\/\/archive.sana.sy\/es\/index.php?rest_route=\/wp\/v2\/users\/30"}],"replies":[{"embeddable":true,"href":"https:\/\/archive.sana.sy\/es\/index.php?rest_route=%2Fwp%2Fv2%2Fcomments&post=319890"}],"version-history":[{"count":4,"href":"https:\/\/archive.sana.sy\/es\/index.php?rest_route=\/wp\/v2\/posts\/319890\/revisions"}],"predecessor-version":[{"id":319895,"href":"https:\/\/archive.sana.sy\/es\/index.php?rest_route=\/wp\/v2\/posts\/319890\/revisions\/319895"}],"wp:featuredmedia":[{"embeddable":true,"href":"https:\/\/archive.sana.sy\/es\/index.php?rest_route=\/wp\/v2\/media\/319891"}],"wp:attachment":[{"href":"https:\/\/archive.sana.sy\/es\/index.php?rest_route=%2Fwp%2Fv2%2Fmedia&parent=319890"}],"wp:term":[{"taxonomy":"category","embeddable":true,"href":"https:\/\/archive.sana.sy\/es\/index.php?rest_route=%2Fwp%2Fv2%2Fcategories&post=319890"},{"taxonomy":"post_tag","embeddable":true,"href":"https:\/\/archive.sana.sy\/es\/index.php?rest_route=%2Fwp%2Fv2%2Ftags&post=319890"}],"curies":[{"name":"wp","href":"https:\/\/api.w.org\/{rel}","templated":true}]}}