{"id":319896,"date":"2024-01-19T09:45:14","date_gmt":"2024-01-19T06:45:14","guid":{"rendered":"https:\/\/sana.sy\/es\/?p=319896"},"modified":"2024-01-19T19:39:48","modified_gmt":"2024-01-19T16:39:48","slug":"siria-aborda-cooperacion-bilateral-con-la-onu-y-el-consejo-danes-para-refugiados","status":"publish","type":"post","link":"https:\/\/archive.sana.sy\/es\/?p=319896","title":{"rendered":"Siria aborda cooperaci\u00f3n bilateral con la ONU y el Consejo Dan\u00e9s para Refugiados"},"content":{"rendered":"<p style=\"text-align: justify;\"><span style=\"color: #800000;\"><strong>Damasco, 19 ene (SANA)<\/strong><\/span> La ministra de Administraci\u00f3n Local y Medio Ambiente y presidenta del Comit\u00e9 de Socorro Supremo, Lamiaa Shakour, sostuvo conversaciones con la representante residente del Fondo de Poblaci\u00f3n de las Naciones Unidas en Siria, Muriel Mafico, y la delegaci\u00f3n acompa\u00f1ante, para explorar v\u00edas de desarrollo y \u00e1reas de cooperaci\u00f3n fruct\u00edfera entre ambas partes.<\/p>\n<p style=\"text-align: justify;\">La Titular destac\u00f3 la importancia y eficacia de la actual cooperaci\u00f3n con el fondo, donde se implementaron varios proyectos relacionados con la participaci\u00f3n comunitaria y formas de vida en varias provincias, as\u00ed como proyectos de empoderamiento social, econ\u00f3mico y ambiental para mujeres y j\u00f3venes.<\/p>\n<p style=\"text-align: justify;\">Por su parte, Mafico enfatiz\u00f3 la importancia de la cooperaci\u00f3n y el apoyo brindado por el Ministerio de Administraci\u00f3n Local y Medio Ambiente al fondo para transportar suministros y equipos, para asegurar su entrega a los beneficiarios en las comunidades locales.<\/p>\n<p style=\"text-align: justify;\">Adem\u00e1s, en la reuni\u00f3n se discuti\u00f3 la posibilidad de incluir en el plan de trabajo del fondo este a\u00f1o nuevas \u00e1reas de cooperaci\u00f3n, especialmente en lo que respecta al aspecto ambiental, mediante la preparaci\u00f3n de estudios e investigaciones sobre el impacto del cambio clim\u00e1tico en la poblaci\u00f3n.<\/p>\n<p style=\"text-align: justify;\">Durante la reuni\u00f3n, ambas partes subrayaron la importancia de expandir las actividades y proyectos de participaci\u00f3n comunitaria para abarcar varias provincias.<\/p>\n<p style=\"text-align: justify;\">En otro encuentro, la Ministra Shakour abord\u00f3 con la directora regional del \u00a0Consejo Dan\u00e9s para Refugiados, Satyitra Chitrakar, y la delegaci\u00f3n acompa\u00f1ante, las v\u00edas de coordinaci\u00f3n entre el Ministerio y el consejo en asuntos humanitarios.<\/p>\n<p style=\"text-align: justify;\">Shakour se\u00f1al\u00f3 la importancia de los proyectos ejecutados por el Consejo Dan\u00e9s en el \u00faltimo a\u00f1o en varias provincias, incluidos proyectos de rehabilitaci\u00f3n y mantenimiento de centros de alojamiento, parcialmente reparaci\u00f3n de viviendas da\u00f1adas, distribuci\u00f3n de kits de salud y ropa de invierno en centros de alojamiento, as\u00ed como la distribuci\u00f3n de canastas agr\u00edcolas.<\/p>\n<p style=\"text-align: justify;\">Por su parte, Chitrakar confirm\u00f3 la continuaci\u00f3n de la coordinaci\u00f3n y cooperaci\u00f3n con el Ministerio de Administraci\u00f3n Local y Medio Ambiente, abriendo la puerta para implementar m\u00e1s proyectos que contribuyan al retorno de los desplazados y apoyen la respuesta a aquellos que regresan a sus hogares.<\/p>\n<p style=\"text-align: justify;\">Durante la reuni\u00f3n, ambas partes destacaron la necesidad de intensificar los esfuerzos en la pr\u00f3xima etapa para fortalecer los marcos de cooperaci\u00f3n con respecto al apoyo a la infraestructura y la recuperaci\u00f3n temprana en todas las provincias.<\/p>\n<p style=\"text-align: justify;\"><em><strong>ah<\/strong><\/em><\/p>\n","protected":false},"excerpt":{"rendered":"<p>Damasco, 19 ene (SANA) La ministra de Administraci\u00f3n Local y Medio Ambiente y presidenta del Comit\u00e9 de Socorro Supremo, Lamiaa Shakour, sostuvo conversaciones con la representante residente del Fondo de Poblaci\u00f3n de las Naciones Unidas en Siria, Muriel Mafico, y la delegaci\u00f3n acompa\u00f1ante, para explorar v\u00edas de desarrollo y \u00e1reas de cooperaci\u00f3n fruct\u00edfera entre ambas &hellip;<\/p>\n","protected":false},"author":30,"featured_media":319897,"comment_status":"closed","ping_status":"closed","sticky":false,"template":"","format":"standard","meta":{"footnotes":""},"categories":[597,20724,476,583],"tags":[],"class_list":["post-319896","post","type-post","status-publish","format-standard","has-post-thumbnail","","category-cinta-de-noticias","category-minuto-a-minuto","category-locales","category-slide"],"_links":{"self":[{"href":"https:\/\/archive.sana.sy\/es\/index.php?rest_route=\/wp\/v2\/posts\/319896"}],"collection":[{"href":"https:\/\/archive.sana.sy\/es\/index.php?rest_route=\/wp\/v2\/posts"}],"about":[{"href":"https:\/\/archive.sana.sy\/es\/index.php?rest_route=\/wp\/v2\/types\/post"}],"author":[{"embeddable":true,"href":"https:\/\/archive.sana.sy\/es\/index.php?rest_route=\/wp\/v2\/users\/30"}],"replies":[{"embeddable":true,"href":"https:\/\/archive.sana.sy\/es\/index.php?rest_route=%2Fwp%2Fv2%2Fcomments&post=319896"}],"version-history":[{"count":1,"href":"https:\/\/archive.sana.sy\/es\/index.php?rest_route=\/wp\/v2\/posts\/319896\/revisions"}],"predecessor-version":[{"id":319898,"href":"https:\/\/archive.sana.sy\/es\/index.php?rest_route=\/wp\/v2\/posts\/319896\/revisions\/319898"}],"wp:featuredmedia":[{"embeddable":true,"href":"https:\/\/archive.sana.sy\/es\/index.php?rest_route=\/wp\/v2\/media\/319897"}],"wp:attachment":[{"href":"https:\/\/archive.sana.sy\/es\/index.php?rest_route=%2Fwp%2Fv2%2Fmedia&parent=319896"}],"wp:term":[{"taxonomy":"category","embeddable":true,"href":"https:\/\/archive.sana.sy\/es\/index.php?rest_route=%2Fwp%2Fv2%2Fcategories&post=319896"},{"taxonomy":"post_tag","embeddable":true,"href":"https:\/\/archive.sana.sy\/es\/index.php?rest_route=%2Fwp%2Fv2%2Ftags&post=319896"}],"curies":[{"name":"wp","href":"https:\/\/api.w.org\/{rel}","templated":true}]}}