{"id":319899,"date":"2024-01-19T09:59:15","date_gmt":"2024-01-19T06:59:15","guid":{"rendered":"https:\/\/sana.sy\/es\/?p=319899"},"modified":"2024-01-19T09:59:15","modified_gmt":"2024-01-19T06:59:15","slug":"resistencia-de-iraq-ataca-base-del-ocupante-estadounidense-en-qamishli-noreste-de-siria","status":"publish","type":"post","link":"https:\/\/archive.sana.sy\/es\/?p=319899","title":{"rendered":"Resistencia de Iraq ataca base del ocupante estadounidense en Qamishli, noreste de Siria"},"content":{"rendered":"<p style=\"text-align: justify;\"><span style=\"color: #800000;\"><strong>Bagdad, 19 ene (SANA)<\/strong> <\/span>La Resistencia iraqu\u00ed bombarde\u00f3 la base del ocupante estadounidense Himo, cerca de Qamishli, provincia norte\u00f1a de Hasakeh.<\/p>\n<p style=\"text-align: justify;\">&#8220;En continuaci\u00f3n con nuestra estrategia de resistencia contra el ocupante y en solidaridad con nuestro pueblo en Gaza, y en respuesta a las masacres cometidas por la entidad invasora contra civiles palestinos, incluidos ni\u00f1os, mujeres y ancianos, los combatientes de la Resistencia atacaron con drones, esta madrugada, la base estadounidenses Himo, ubicada al oeste del aeropuerto de Qamishli&#8221;, comunico la resistencia iraqu\u00ed.<\/p>\n<p style=\"text-align: justify;\">La Resistencia subray\u00f3 su compromiso continuo de seguir sus ataques contra las bases del enemigo, as\u00ed como prometi\u00f3 m\u00e1s acciones de resistencia.<\/p>\n<p style=\"text-align: justify;\">Este martes, la Resistencia iraqu\u00ed bombarde\u00f3 con un desarrollado misil de crucero de\u00a0 largo alcance una ubicaci\u00f3n vital en el centro de la entidad sionista.<\/p>\n<p style=\"text-align: justify;\"><em><strong>ah<\/strong><\/em><\/p>\n","protected":false},"excerpt":{"rendered":"<p>Bagdad, 19 ene (SANA) La Resistencia iraqu\u00ed bombarde\u00f3 la base del ocupante estadounidense Himo, cerca de Qamishli, provincia norte\u00f1a de Hasakeh. &#8220;En continuaci\u00f3n con nuestra estrategia de resistencia contra el ocupante y en solidaridad con nuestro pueblo en Gaza, y en respuesta a las masacres cometidas por la entidad invasora contra civiles palestinos, incluidos ni\u00f1os, &hellip;<\/p>\n","protected":false},"author":30,"featured_media":319900,"comment_status":"closed","ping_status":"closed","sticky":false,"template":"","format":"standard","meta":{"footnotes":""},"categories":[597,20724,476,7541],"tags":[],"class_list":["post-319899","post","type-post","status-publish","format-standard","has-post-thumbnail","","category-cinta-de-noticias","category-minuto-a-minuto","category-locales","category-ultimas-noticias"],"_links":{"self":[{"href":"https:\/\/archive.sana.sy\/es\/index.php?rest_route=\/wp\/v2\/posts\/319899"}],"collection":[{"href":"https:\/\/archive.sana.sy\/es\/index.php?rest_route=\/wp\/v2\/posts"}],"about":[{"href":"https:\/\/archive.sana.sy\/es\/index.php?rest_route=\/wp\/v2\/types\/post"}],"author":[{"embeddable":true,"href":"https:\/\/archive.sana.sy\/es\/index.php?rest_route=\/wp\/v2\/users\/30"}],"replies":[{"embeddable":true,"href":"https:\/\/archive.sana.sy\/es\/index.php?rest_route=%2Fwp%2Fv2%2Fcomments&post=319899"}],"version-history":[{"count":1,"href":"https:\/\/archive.sana.sy\/es\/index.php?rest_route=\/wp\/v2\/posts\/319899\/revisions"}],"predecessor-version":[{"id":319901,"href":"https:\/\/archive.sana.sy\/es\/index.php?rest_route=\/wp\/v2\/posts\/319899\/revisions\/319901"}],"wp:featuredmedia":[{"embeddable":true,"href":"https:\/\/archive.sana.sy\/es\/index.php?rest_route=\/wp\/v2\/media\/319900"}],"wp:attachment":[{"href":"https:\/\/archive.sana.sy\/es\/index.php?rest_route=%2Fwp%2Fv2%2Fmedia&parent=319899"}],"wp:term":[{"taxonomy":"category","embeddable":true,"href":"https:\/\/archive.sana.sy\/es\/index.php?rest_route=%2Fwp%2Fv2%2Fcategories&post=319899"},{"taxonomy":"post_tag","embeddable":true,"href":"https:\/\/archive.sana.sy\/es\/index.php?rest_route=%2Fwp%2Fv2%2Ftags&post=319899"}],"curies":[{"name":"wp","href":"https:\/\/api.w.org\/{rel}","templated":true}]}}