{"id":319905,"date":"2024-01-19T11:06:54","date_gmt":"2024-01-19T08:06:54","guid":{"rendered":"https:\/\/sana.sy\/es\/?p=319905"},"modified":"2024-01-19T14:25:48","modified_gmt":"2024-01-19T11:25:48","slug":"siria-y-rusia-abordan-diversas-cuestiones-internacionales-y-regionales","status":"publish","type":"post","link":"https:\/\/archive.sana.sy\/es\/?p=319905","title":{"rendered":"Siria y Rusia abordan diversas cuestiones internacionales y regionales"},"content":{"rendered":"<p style=\"text-align: justify;\"><span style=\"color: #800000;\"><strong>Mosc\u00fa, 19 ene (SANA) <\/strong><\/span>El ministro de Relaciones Exteriores de Rusia, Serguei Lavrov, se reuni\u00f3 con el ministro de Relaciones Exteriores y Expatriados, Faisal Mekdad, para discutir varios asuntos internacionales y regionales, as\u00ed como la actual escalada en el Medio Oriente.<\/p>\n<p style=\"text-align: justify;\">Seg\u00fan comunic\u00f3 la Canciller\u00eda rusa, ambas partes prestaron especial atenci\u00f3n al continuo deterioro de la situaci\u00f3n en el Medio Oriente, as\u00ed como enfatizaron la necesidad de un alto el fuego inmediato en la Franja de Gaza y la b\u00fasqueda de soluciones para los agudos problemas humanitarios que enfrentan los habitantes de la regi\u00f3n.<\/p>\n<p style=\"text-align: justify;\">Asimismo, los cancilleres abordaron asuntos relacionados con la situaci\u00f3n en Siria, incluida la reconstrucci\u00f3n despu\u00e9s de la guerra y el compromiso con los principios de respeto a su soberan\u00eda, unidad y la integridad de su territorio.<\/p>\n<p style=\"text-align: justify;\">En cuanto a las cuestiones urgentes en t\u00e9rminos de continuar fortaleciendo la asociaci\u00f3n ruso-siria, el comunicado explic\u00f3 que se coordinaron varias acciones pr\u00e1cticas para aumentar la cooperaci\u00f3n mutua en \u00e1reas econ\u00f3micas, comerciales y humanitarias.<\/p>\n<p style=\"text-align: justify;\">Lavrov y Mekdad subrayaron tambi\u00e9n la firme oposici\u00f3n a las acciones agresivas y provocadoras en la regi\u00f3n, que podr\u00edan llevar a una ampliaci\u00f3n del enfrentamiento militar a otras naciones, seg\u00fan el comunicado.<\/p>\n<p style=\"text-align: justify;\">El comunicado concluy\u00f3 que ambas partes hicieron hincapi\u00e9 en la necesidad de esfuerzos multilaterales para lograr una soluci\u00f3n permanente y completa en el Medio Oriente basada en el derecho internacional.<\/p>\n<p style=\"text-align: justify;\"><em><strong>ah<\/strong><\/em><\/p>\n","protected":false},"excerpt":{"rendered":"<p>Mosc\u00fa, 19 ene (SANA) El ministro de Relaciones Exteriores de Rusia, Serguei Lavrov, se reuni\u00f3 con el ministro de Relaciones Exteriores y Expatriados, Faisal Mekdad, para discutir varios asuntos internacionales y regionales, as\u00ed como la actual escalada en el Medio Oriente. Seg\u00fan comunic\u00f3 la Canciller\u00eda rusa, ambas partes prestaron especial atenci\u00f3n al continuo deterioro de &hellip;<\/p>\n","protected":false},"author":30,"featured_media":319906,"comment_status":"closed","ping_status":"closed","sticky":false,"template":"","format":"standard","meta":{"footnotes":""},"categories":[597,20724,467,583],"tags":[],"class_list":["post-319905","post","type-post","status-publish","format-standard","has-post-thumbnail","","category-cinta-de-noticias","category-minuto-a-minuto","category-siria-y-el-mundo","category-slide"],"_links":{"self":[{"href":"https:\/\/archive.sana.sy\/es\/index.php?rest_route=\/wp\/v2\/posts\/319905"}],"collection":[{"href":"https:\/\/archive.sana.sy\/es\/index.php?rest_route=\/wp\/v2\/posts"}],"about":[{"href":"https:\/\/archive.sana.sy\/es\/index.php?rest_route=\/wp\/v2\/types\/post"}],"author":[{"embeddable":true,"href":"https:\/\/archive.sana.sy\/es\/index.php?rest_route=\/wp\/v2\/users\/30"}],"replies":[{"embeddable":true,"href":"https:\/\/archive.sana.sy\/es\/index.php?rest_route=%2Fwp%2Fv2%2Fcomments&post=319905"}],"version-history":[{"count":2,"href":"https:\/\/archive.sana.sy\/es\/index.php?rest_route=\/wp\/v2\/posts\/319905\/revisions"}],"predecessor-version":[{"id":319915,"href":"https:\/\/archive.sana.sy\/es\/index.php?rest_route=\/wp\/v2\/posts\/319905\/revisions\/319915"}],"wp:featuredmedia":[{"embeddable":true,"href":"https:\/\/archive.sana.sy\/es\/index.php?rest_route=\/wp\/v2\/media\/319906"}],"wp:attachment":[{"href":"https:\/\/archive.sana.sy\/es\/index.php?rest_route=%2Fwp%2Fv2%2Fmedia&parent=319905"}],"wp:term":[{"taxonomy":"category","embeddable":true,"href":"https:\/\/archive.sana.sy\/es\/index.php?rest_route=%2Fwp%2Fv2%2Fcategories&post=319905"},{"taxonomy":"post_tag","embeddable":true,"href":"https:\/\/archive.sana.sy\/es\/index.php?rest_route=%2Fwp%2Fv2%2Ftags&post=319905"}],"curies":[{"name":"wp","href":"https:\/\/api.w.org\/{rel}","templated":true}]}}