{"id":319908,"date":"2024-01-19T15:50:59","date_gmt":"2024-01-19T12:50:59","guid":{"rendered":"https:\/\/sana.sy\/es\/?p=319908"},"modified":"2024-01-19T15:58:53","modified_gmt":"2024-01-19T12:58:53","slug":"kazajistan-la-proxima-ronda-de-conversaciones-de-astana-sobre-siria-se-llevara-a-cabo-a-finales-de-enero","status":"publish","type":"post","link":"https:\/\/archive.sana.sy\/es\/?p=319908","title":{"rendered":"Kazajist\u00e1n: La pr\u00f3xima ronda de conversaciones de Astan\u00e1 sobre Siria se llevar\u00e1 a cabo a finales de enero"},"content":{"rendered":"<p style=\"text-align: justify;\"><span style=\"color: #800000;\"><strong>Astan\u00e1, 19 ene (SANA)<\/strong><\/span> El Ministerio de Relaciones Exteriores de Kazajist\u00e1n anunci\u00f3 este viernes que la vigesimoprimera ronda de las conversaciones internacionales sobre Siria, bajo la f\u00f3rmula de Astan\u00e1, se celebrar\u00e1 los d\u00edas 24 y 25 de enero.<\/p>\n<p style=\"text-align: justify;\">&#8220;La vigesimoprimera reuni\u00f3n internacional sobre Siria, en el marco del proceso de Astan\u00e1, se llevar\u00e1 a cabo en la capital de Kazajist\u00e1n los d\u00edas 24 y 25 de enero, por invitaci\u00f3n de los pa\u00edses garantes&#8221;, declar\u00f3 el portavoz de la Canciller\u00eda, Ipek Semidi\u00e1rov, citado por la agencia rusa TASS.<\/p>\n<p style=\"text-align: justify;\">En la \u00faltima declaraci\u00f3n de los pa\u00edses garantes en la vig\u00e9sima reuni\u00f3n internacional sobre Siria bajo la f\u00f3rmula de Astan\u00e1, celebrada en junio pasado, se condenaron las pr\u00e1cticas de los pa\u00edses que respaldan a las entidades terroristas en el norte de Siria.<\/p>\n<p style=\"text-align: justify;\">Adem\u00e1s, se subray\u00f3 que la seguridad y la estabilidad en esa regi\u00f3n solo se pueden lograr mediante la preservaci\u00f3n de la soberan\u00eda y la integridad territorial de Siria.<\/p>\n<p style=\"text-align: justify;\">Tambi\u00e9n se destac\u00f3 la necesidad de continuar trabajando juntos contra el terrorismo y rechazar las agendas separatistas, as\u00ed como los repetidos ataques israel\u00edes en territorio sirio.<\/p>\n<p style=\"text-align: justify;\"><em><strong>ah<\/strong><\/em><\/p>\n","protected":false},"excerpt":{"rendered":"<p>Astan\u00e1, 19 ene (SANA) El Ministerio de Relaciones Exteriores de Kazajist\u00e1n anunci\u00f3 este viernes que la vigesimoprimera ronda de las conversaciones internacionales sobre Siria, bajo la f\u00f3rmula de Astan\u00e1, se celebrar\u00e1 los d\u00edas 24 y 25 de enero. &#8220;La vigesimoprimera reuni\u00f3n internacional sobre Siria, en el marco del proceso de Astan\u00e1, se llevar\u00e1 a cabo &hellip;<\/p>\n","protected":false},"author":30,"featured_media":319909,"comment_status":"closed","ping_status":"closed","sticky":false,"template":"","format":"standard","meta":{"footnotes":""},"categories":[597,20724,467,583],"tags":[],"class_list":["post-319908","post","type-post","status-publish","format-standard","has-post-thumbnail","","category-cinta-de-noticias","category-minuto-a-minuto","category-siria-y-el-mundo","category-slide"],"_links":{"self":[{"href":"https:\/\/archive.sana.sy\/es\/index.php?rest_route=\/wp\/v2\/posts\/319908"}],"collection":[{"href":"https:\/\/archive.sana.sy\/es\/index.php?rest_route=\/wp\/v2\/posts"}],"about":[{"href":"https:\/\/archive.sana.sy\/es\/index.php?rest_route=\/wp\/v2\/types\/post"}],"author":[{"embeddable":true,"href":"https:\/\/archive.sana.sy\/es\/index.php?rest_route=\/wp\/v2\/users\/30"}],"replies":[{"embeddable":true,"href":"https:\/\/archive.sana.sy\/es\/index.php?rest_route=%2Fwp%2Fv2%2Fcomments&post=319908"}],"version-history":[{"count":1,"href":"https:\/\/archive.sana.sy\/es\/index.php?rest_route=\/wp\/v2\/posts\/319908\/revisions"}],"predecessor-version":[{"id":319910,"href":"https:\/\/archive.sana.sy\/es\/index.php?rest_route=\/wp\/v2\/posts\/319908\/revisions\/319910"}],"wp:featuredmedia":[{"embeddable":true,"href":"https:\/\/archive.sana.sy\/es\/index.php?rest_route=\/wp\/v2\/media\/319909"}],"wp:attachment":[{"href":"https:\/\/archive.sana.sy\/es\/index.php?rest_route=%2Fwp%2Fv2%2Fmedia&parent=319908"}],"wp:term":[{"taxonomy":"category","embeddable":true,"href":"https:\/\/archive.sana.sy\/es\/index.php?rest_route=%2Fwp%2Fv2%2Fcategories&post=319908"},{"taxonomy":"post_tag","embeddable":true,"href":"https:\/\/archive.sana.sy\/es\/index.php?rest_route=%2Fwp%2Fv2%2Ftags&post=319908"}],"curies":[{"name":"wp","href":"https:\/\/api.w.org\/{rel}","templated":true}]}}