{"id":319912,"date":"2024-01-19T13:41:11","date_gmt":"2024-01-19T10:41:11","guid":{"rendered":"https:\/\/sana.sy\/es\/?p=319912"},"modified":"2024-01-23T16:23:20","modified_gmt":"2024-01-23T13:23:20","slug":"siria-y-uganda-analizan-relaciones-bilaterales-y-vias-de-fortalecerlas","status":"publish","type":"post","link":"https:\/\/archive.sana.sy\/es\/?p=319912","title":{"rendered":"Siria y Uganda analizan relaciones bilaterales y v\u00edas de fortalecerlas"},"content":{"rendered":"<p style=\"text-align: justify;\"><span style=\"color: #800000;\"><strong>Kampala, 19 ene (SANA)\u00a0<\/strong> <\/span>El viceministro sirio de Asuntos Exteriores y Expatriados, Bassam Sabbagh, analiz\u00f3 con el ministro de Asuntos Exteriores de la Rep\u00fablica de Uganda, Abubakar Jeje Odongo, relaciones bilaterales entre los dos pa\u00edses y su desarrollo.<\/p>\n<p style=\"text-align: justify;\">El encuentro fue efectuado al margen de la XIX Cumbre del Movimiento de Pa\u00edses No Alineados, celebrada en la capital de Uganda, Kampala.<\/p>\n<p style=\"text-align: justify;\">Sabbagh felicit\u00f3 durante el encuentro al pa\u00eds africano por asumir la presidencia del MNOAL y la presidencia del Grupo de los 77 y China, se refiri\u00f3 a la importancia que estos dos grupos tienen para movilizar el apoyo a los pa\u00edses en desarrollo y a los pa\u00edses del Sur en foros internacionales\u0632<\/p>\n<p style=\"text-align: justify;\">Asimismo, el diplom\u00e1tico sirio reiter\u00f3 el compromiso de su pa\u00eds de trabajar estrechamente con Uganda para que su presidencia de estos dos grupos sea un \u00e9xito.<\/p>\n<p style=\"text-align: justify;\">Adem\u00e1s, Sabbagh destac\u00f3 el inter\u00e9s de Damasco por fortalecer las relaciones bilaterales entre Siria y Uganda e impulsarlas en diversos campos, incluso mediante el intercambio de visitas entre funcionarios de ambos pa\u00edses.<\/p>\n<p style=\"text-align: justify;\">Por su parte, el canciller ugand\u00e9s se\u00f1al\u00f3 el importante papel desempe\u00f1ado por \u00c1frica y el gran desarrollo que ha alcanzado la mayor\u00eda de sus pa\u00edses, adem\u00e1s del peso econ\u00f3mico y demogr\u00e1fico que disfruta en el panorama internacional, y manifest\u00f3 el inter\u00e9s de Kampala por desarrollar los v\u00ednculos con el pa\u00eds \u00e1rabe especialmente porque Siria juega un rol importante e hist\u00f3rico dentro de los dos grupos.<\/p>\n<p>sm<\/p>\n","protected":false},"excerpt":{"rendered":"<p>Kampala, 19 ene (SANA)\u00a0 El viceministro sirio de Asuntos Exteriores y Expatriados, Bassam Sabbagh, analiz\u00f3 con el ministro de Asuntos Exteriores de la Rep\u00fablica de Uganda, Abubakar Jeje Odongo, relaciones bilaterales entre los dos pa\u00edses y su desarrollo. El encuentro fue efectuado al margen de la XIX Cumbre del Movimiento de Pa\u00edses No Alineados, celebrada &hellip;<\/p>\n","protected":false},"author":39,"featured_media":319913,"comment_status":"closed","ping_status":"closed","sticky":false,"template":"","format":"standard","meta":{"footnotes":""},"categories":[477,597,20724,476,467,7541],"tags":[],"class_list":["post-319912","post","type-post","status-publish","format-standard","has-post-thumbnail","","category-noticias-edulcorantes","category-cinta-de-noticias","category-minuto-a-minuto","category-locales","category-siria-y-el-mundo","category-ultimas-noticias"],"_links":{"self":[{"href":"https:\/\/archive.sana.sy\/es\/index.php?rest_route=\/wp\/v2\/posts\/319912"}],"collection":[{"href":"https:\/\/archive.sana.sy\/es\/index.php?rest_route=\/wp\/v2\/posts"}],"about":[{"href":"https:\/\/archive.sana.sy\/es\/index.php?rest_route=\/wp\/v2\/types\/post"}],"author":[{"embeddable":true,"href":"https:\/\/archive.sana.sy\/es\/index.php?rest_route=\/wp\/v2\/users\/39"}],"replies":[{"embeddable":true,"href":"https:\/\/archive.sana.sy\/es\/index.php?rest_route=%2Fwp%2Fv2%2Fcomments&post=319912"}],"version-history":[{"count":2,"href":"https:\/\/archive.sana.sy\/es\/index.php?rest_route=\/wp\/v2\/posts\/319912\/revisions"}],"predecessor-version":[{"id":319916,"href":"https:\/\/archive.sana.sy\/es\/index.php?rest_route=\/wp\/v2\/posts\/319912\/revisions\/319916"}],"wp:featuredmedia":[{"embeddable":true,"href":"https:\/\/archive.sana.sy\/es\/index.php?rest_route=\/wp\/v2\/media\/319913"}],"wp:attachment":[{"href":"https:\/\/archive.sana.sy\/es\/index.php?rest_route=%2Fwp%2Fv2%2Fmedia&parent=319912"}],"wp:term":[{"taxonomy":"category","embeddable":true,"href":"https:\/\/archive.sana.sy\/es\/index.php?rest_route=%2Fwp%2Fv2%2Fcategories&post=319912"},{"taxonomy":"post_tag","embeddable":true,"href":"https:\/\/archive.sana.sy\/es\/index.php?rest_route=%2Fwp%2Fv2%2Ftags&post=319912"}],"curies":[{"name":"wp","href":"https:\/\/api.w.org\/{rel}","templated":true}]}}