{"id":319917,"date":"2024-01-19T14:10:11","date_gmt":"2024-01-19T11:10:11","guid":{"rendered":"https:\/\/sana.sy\/es\/?p=319917"},"modified":"2024-01-19T14:15:13","modified_gmt":"2024-01-19T11:15:13","slug":"mexico-y-chile-remiten-el-caso-de-la-agresion-israeli-a-la-franja-de-gaza-a-la-cij","status":"publish","type":"post","link":"https:\/\/archive.sana.sy\/es\/?p=319917","title":{"rendered":"M\u00e9xico y Chile remiten a la CIJ el caso de la agresi\u00f3n israel\u00ed contra la Franja de Gaza"},"content":{"rendered":"<p style=\"text-align: justify;\"><strong><span style=\"color: #800000;\">M\u00e9xico- Santiago, 19 ene (SANA)\u00a0<\/span> <\/strong>M\u00e9xico y Chile remitieron el caso de la actual agresi\u00f3n israel\u00ed contra la Franja de Gaza a la Corte Penal Internacional para que investigue los cr\u00edmenes de genocidio cometidos por \u201cIsrael\u201d contra el pueblo palestino en la afligida Franja desde el pasado 7 de octubre.<\/p>\n<p style=\"text-align: justify;\">La Secretar\u00eda de Relaciones Exteriores de M\u00e9xico confirm\u00f3 que est\u00e1 observando de cerca la demanda interpuesta por la Rep\u00fablica de Sud\u00e1frica contra el ocupante sionista ante la (CIJ) por cometer cr\u00edmenes de genocidio en la Franja de Gaza.<\/p>\n<p style=\"text-align: justify;\">El ente destac\u00f3 el compromiso de su pa\u00eds con la justicia internacional y la prevenci\u00f3n del genocidio y otros cr\u00edmenes de guerra y contra la humanidad, y expres\u00f3 su confianza en que estas medidas puedan allanar el camino para un alto el fuego inmediato y contribuir a avanzar hacia una paz duradera en la regi\u00f3n.<\/p>\n<p style=\"text-align: justify;\">Por su parte, el ministro de Relaciones Exteriores de Chile, Alberto Van Klaveren, ratific\u00f3 durante una conferencia de prensa en Santiago, la madrugada de hoy, que su pa\u00eds apoya la investigaci\u00f3n sobre cualquier crimen de guerra en los territorios palestinos ocupados.<\/p>\n<p style=\"text-align: justify;\">sm<\/p>\n","protected":false},"excerpt":{"rendered":"<p>M\u00e9xico- Santiago, 19 ene (SANA)\u00a0 M\u00e9xico y Chile remitieron el caso de la actual agresi\u00f3n israel\u00ed contra la Franja de Gaza a la Corte Penal Internacional para que investigue los cr\u00edmenes de genocidio cometidos por \u201cIsrael\u201d contra el pueblo palestino en la afligida Franja desde el pasado 7 de octubre. La Secretar\u00eda de Relaciones Exteriores &hellip;<\/p>\n","protected":false},"author":39,"featured_media":319918,"comment_status":"closed","ping_status":"closed","sticky":false,"template":"","format":"standard","meta":{"footnotes":""},"categories":[597,456,16687,20724,7541],"tags":[],"class_list":["post-319917","post","type-post","status-publish","format-standard","has-post-thumbnail","","category-cinta-de-noticias","category-arabe-internacional-politica","category-internacionales","category-minuto-a-minuto","category-ultimas-noticias"],"_links":{"self":[{"href":"https:\/\/archive.sana.sy\/es\/index.php?rest_route=\/wp\/v2\/posts\/319917"}],"collection":[{"href":"https:\/\/archive.sana.sy\/es\/index.php?rest_route=\/wp\/v2\/posts"}],"about":[{"href":"https:\/\/archive.sana.sy\/es\/index.php?rest_route=\/wp\/v2\/types\/post"}],"author":[{"embeddable":true,"href":"https:\/\/archive.sana.sy\/es\/index.php?rest_route=\/wp\/v2\/users\/39"}],"replies":[{"embeddable":true,"href":"https:\/\/archive.sana.sy\/es\/index.php?rest_route=%2Fwp%2Fv2%2Fcomments&post=319917"}],"version-history":[{"count":3,"href":"https:\/\/archive.sana.sy\/es\/index.php?rest_route=\/wp\/v2\/posts\/319917\/revisions"}],"predecessor-version":[{"id":319921,"href":"https:\/\/archive.sana.sy\/es\/index.php?rest_route=\/wp\/v2\/posts\/319917\/revisions\/319921"}],"wp:featuredmedia":[{"embeddable":true,"href":"https:\/\/archive.sana.sy\/es\/index.php?rest_route=\/wp\/v2\/media\/319918"}],"wp:attachment":[{"href":"https:\/\/archive.sana.sy\/es\/index.php?rest_route=%2Fwp%2Fv2%2Fmedia&parent=319917"}],"wp:term":[{"taxonomy":"category","embeddable":true,"href":"https:\/\/archive.sana.sy\/es\/index.php?rest_route=%2Fwp%2Fv2%2Fcategories&post=319917"},{"taxonomy":"post_tag","embeddable":true,"href":"https:\/\/archive.sana.sy\/es\/index.php?rest_route=%2Fwp%2Fv2%2Ftags&post=319917"}],"curies":[{"name":"wp","href":"https:\/\/api.w.org\/{rel}","templated":true}]}}