{"id":319928,"date":"2024-01-19T15:23:23","date_gmt":"2024-01-19T12:23:23","guid":{"rendered":"https:\/\/sana.sy\/es\/?p=319928"},"modified":"2024-01-19T15:23:27","modified_gmt":"2024-01-19T12:23:27","slug":"presencia-de-fuerzas-estadounidenses-en-siria-es-una-violacion-del-derecho-internacional-confirma-exoficial-de-eeuu","status":"publish","type":"post","link":"https:\/\/archive.sana.sy\/es\/?p=319928","title":{"rendered":"Presencia de fuerzas estadounidenses en Siria es una violaci\u00f3n del derecho internacional, confirma exoficial de EEUU"},"content":{"rendered":"<p style=\"text-align: justify;\"><span style=\"color: #800000;\"><strong>Mosc\u00fa, 19 ene (SANA)<\/strong><\/span>\u00a0 El experto militar y exoficial de Inteligencia del Cuerpo de Marines de EEUU, Scott Ritter, confirm\u00f3 que la presencia de fuerzas estadounidenses en Siria es una ocupaci\u00f3n ilegal, y exigi\u00f3 que estas tropas se vayan y que se respete la soberan\u00eda de Siria sobre sus tierras.<\/p>\n<p style=\"text-align: justify;\">&#8220;Las fuerzas estadounidenses en Siria buscan lograr objetivos que no han sido claramente definidos por el Congreso estadounidense&#8221;, dijo el experto militar estadounidense en una entrevista con el corresponsal de SANA en Mosc\u00fa.<\/p>\n<p style=\"text-align: justify;\">Asimismo, se\u00f1al\u00f3 que la presencia de fuerzas rusas en Siria es legal y concuerda con el derecho internacional ya se produjo a petici\u00f3n del gobierno sirio, mientras que la solicitud no se hizo similar a EEUU.<\/p>\n<p style=\"text-align: justify;\">Adem\u00e1s, el exoficial enfatiz\u00f3 destac\u00f3 que el saqueo de las riqueza naturales del territorio ocupado se considera un crimen de guerra.<\/p>\n<p style=\"text-align: justify;\">Agreg\u00f3 que Washington sigue facilitando el rodo de petr\u00f3leo sirio y brindando apoyo a una entidad pol\u00edtica que no es aceptada por el los sirios y el gobierno sirio, y no tiene legitimidad seg\u00fan el derecho internacional.<\/p>\n<p style=\"text-align: justify;\">sm<\/p>\n","protected":false},"excerpt":{"rendered":"<p>Mosc\u00fa, 19 ene (SANA)\u00a0 El experto militar y exoficial de Inteligencia del Cuerpo de Marines de EEUU, Scott Ritter, confirm\u00f3 que la presencia de fuerzas estadounidenses en Siria es una ocupaci\u00f3n ilegal, y exigi\u00f3 que estas tropas se vayan y que se respete la soberan\u00eda de Siria sobre sus tierras. &#8220;Las fuerzas estadounidenses en Siria &hellip;<\/p>\n","protected":false},"author":39,"featured_media":319929,"comment_status":"closed","ping_status":"closed","sticky":false,"template":"","format":"standard","meta":{"footnotes":""},"categories":[477,597,573,20724,467,7541],"tags":[],"class_list":["post-319928","post","type-post","status-publish","format-standard","has-post-thumbnail","","category-noticias-edulcorantes","category-cinta-de-noticias","category-la-realidad-de-los-acontecimientos-en-siria","category-minuto-a-minuto","category-siria-y-el-mundo","category-ultimas-noticias"],"_links":{"self":[{"href":"https:\/\/archive.sana.sy\/es\/index.php?rest_route=\/wp\/v2\/posts\/319928"}],"collection":[{"href":"https:\/\/archive.sana.sy\/es\/index.php?rest_route=\/wp\/v2\/posts"}],"about":[{"href":"https:\/\/archive.sana.sy\/es\/index.php?rest_route=\/wp\/v2\/types\/post"}],"author":[{"embeddable":true,"href":"https:\/\/archive.sana.sy\/es\/index.php?rest_route=\/wp\/v2\/users\/39"}],"replies":[{"embeddable":true,"href":"https:\/\/archive.sana.sy\/es\/index.php?rest_route=%2Fwp%2Fv2%2Fcomments&post=319928"}],"version-history":[{"count":1,"href":"https:\/\/archive.sana.sy\/es\/index.php?rest_route=\/wp\/v2\/posts\/319928\/revisions"}],"predecessor-version":[{"id":319930,"href":"https:\/\/archive.sana.sy\/es\/index.php?rest_route=\/wp\/v2\/posts\/319928\/revisions\/319930"}],"wp:featuredmedia":[{"embeddable":true,"href":"https:\/\/archive.sana.sy\/es\/index.php?rest_route=\/wp\/v2\/media\/319929"}],"wp:attachment":[{"href":"https:\/\/archive.sana.sy\/es\/index.php?rest_route=%2Fwp%2Fv2%2Fmedia&parent=319928"}],"wp:term":[{"taxonomy":"category","embeddable":true,"href":"https:\/\/archive.sana.sy\/es\/index.php?rest_route=%2Fwp%2Fv2%2Fcategories&post=319928"},{"taxonomy":"post_tag","embeddable":true,"href":"https:\/\/archive.sana.sy\/es\/index.php?rest_route=%2Fwp%2Fv2%2Ftags&post=319928"}],"curies":[{"name":"wp","href":"https:\/\/api.w.org\/{rel}","templated":true}]}}