{"id":319934,"date":"2024-01-19T15:57:29","date_gmt":"2024-01-19T12:57:29","guid":{"rendered":"https:\/\/sana.sy\/es\/?p=319934"},"modified":"2024-01-19T18:43:23","modified_gmt":"2024-01-19T15:43:23","slug":"el-minuto-a-minuto-de-la-agresion-israeli-a-gaza-14","status":"publish","type":"post","link":"https:\/\/archive.sana.sy\/es\/?p=319934","title":{"rendered":"El Minuto a minuto de la agresi\u00f3n israel\u00ed a Gaza"},"content":{"rendered":"<p style=\"text-align: justify;\"><strong><span style=\"color: #800000;\">Jerusal\u00e9n ocupada, 19 ene (SANA)<\/span> A continuaci\u00f3n, los desarrollos m\u00e1s recientes sobre la agresi\u00f3n israel\u00ed contra la Franja de Gaza:<\/strong><\/p>\n<p style=\"text-align: justify;\">\u2b55\ufe0f Ministerio palestino de Salud eleva a 24.762 el n\u00famero de muertos palestinos y a 62.108 el de los heridos por la actual agresi\u00f3n israel\u00ed en la Franja de Gaza.<\/p>\n<p style=\"text-align: justify;\">\u2b55\ufe0f La ONU: \u201cIsrael\u201d viol\u00f3 el derecho internacional en su agresi\u00f3n contra Gaza.<\/p>\n<p style=\"text-align: justify;\">\u2b55\ufe0f \u201cIsrael\u201d contin\u00faa su agresi\u00f3n a Gaza pese a la demanda en su contra ante la CIJ, afirma Observatorio Euromediterr\u00e1neo de Derechos Humanos.<\/p>\n<p style=\"text-align: justify;\">\u2b55\ufe0f Resistencia libanesa ataca con un misil \u201cBurkan\u201d a un grupo de soldados israel\u00edes en las granjas de Shebaa provocando bajas confirmadas.<\/p>\n<p style=\"text-align: justify;\">\u2b55\ufe0f Resistentes palestinos destruyen con artefactos explosivos 3 tanques israel\u00edes al este de la ciudad de Khan Yunis, en el sur de la Franja de Gaza.<\/p>\n<p style=\"text-align: justify;\">\u2b55\ufe0f M\u00e9xico y Chile remiten a la CIJ el caso de la agresi\u00f3n israel\u00ed contra la Franja de Gaza.<\/p>\n<p style=\"text-align: justify;\">\u2b55\ufe0f En el d\u00eda 105 de su genocida agresi\u00f3n contra Gaza, \u201cIsrael\u201d asesina y hiere a decenas de palestinos.<\/p>\n","protected":false},"excerpt":{"rendered":"<p>Jerusal\u00e9n ocupada, 19 ene (SANA) A continuaci\u00f3n, los desarrollos m\u00e1s recientes sobre la agresi\u00f3n israel\u00ed contra la Franja de Gaza: \u2b55\ufe0f Ministerio palestino de Salud eleva a 24.762 el n\u00famero de muertos palestinos y a 62.108 el de los heridos por la actual agresi\u00f3n israel\u00ed en la Franja de Gaza. \u2b55\ufe0f La ONU: \u201cIsrael\u201d viol\u00f3 &hellip;<\/p>\n","protected":false},"author":39,"featured_media":319935,"comment_status":"closed","ping_status":"closed","sticky":false,"template":"","format":"standard","meta":{"footnotes":""},"categories":[597,456,16687,20724,583],"tags":[],"class_list":["post-319934","post","type-post","status-publish","format-standard","has-post-thumbnail","","category-cinta-de-noticias","category-arabe-internacional-politica","category-internacionales","category-minuto-a-minuto","category-slide"],"_links":{"self":[{"href":"https:\/\/archive.sana.sy\/es\/index.php?rest_route=\/wp\/v2\/posts\/319934"}],"collection":[{"href":"https:\/\/archive.sana.sy\/es\/index.php?rest_route=\/wp\/v2\/posts"}],"about":[{"href":"https:\/\/archive.sana.sy\/es\/index.php?rest_route=\/wp\/v2\/types\/post"}],"author":[{"embeddable":true,"href":"https:\/\/archive.sana.sy\/es\/index.php?rest_route=\/wp\/v2\/users\/39"}],"replies":[{"embeddable":true,"href":"https:\/\/archive.sana.sy\/es\/index.php?rest_route=%2Fwp%2Fv2%2Fcomments&post=319934"}],"version-history":[{"count":3,"href":"https:\/\/archive.sana.sy\/es\/index.php?rest_route=\/wp\/v2\/posts\/319934\/revisions"}],"predecessor-version":[{"id":319947,"href":"https:\/\/archive.sana.sy\/es\/index.php?rest_route=\/wp\/v2\/posts\/319934\/revisions\/319947"}],"wp:featuredmedia":[{"embeddable":true,"href":"https:\/\/archive.sana.sy\/es\/index.php?rest_route=\/wp\/v2\/media\/319935"}],"wp:attachment":[{"href":"https:\/\/archive.sana.sy\/es\/index.php?rest_route=%2Fwp%2Fv2%2Fmedia&parent=319934"}],"wp:term":[{"taxonomy":"category","embeddable":true,"href":"https:\/\/archive.sana.sy\/es\/index.php?rest_route=%2Fwp%2Fv2%2Fcategories&post=319934"},{"taxonomy":"post_tag","embeddable":true,"href":"https:\/\/archive.sana.sy\/es\/index.php?rest_route=%2Fwp%2Fv2%2Ftags&post=319934"}],"curies":[{"name":"wp","href":"https:\/\/api.w.org\/{rel}","templated":true}]}}