{"id":319937,"date":"2024-01-19T17:33:14","date_gmt":"2024-01-19T14:33:14","guid":{"rendered":"https:\/\/sana.sy\/es\/?p=319937"},"modified":"2024-01-19T17:33:14","modified_gmt":"2024-01-19T14:33:14","slug":"israel-continua-su-agresion-a-gaza-pese-a-la-demanda-en-su-contra-ante-la-cij-afirma-observatorio-euromediterraneo-de-derechos-humanos","status":"publish","type":"post","link":"https:\/\/archive.sana.sy\/es\/?p=319937","title":{"rendered":"\u201cIsrael\u201d contin\u00faa su agresi\u00f3n a Gaza pese a la demanda en su contra ante la CIJ, afirma Observatorio Euromediterr\u00e1neo de Derechos Humanos"},"content":{"rendered":"<p style=\"text-align: justify;\"><span style=\"color: #800000;\"><strong>Ginebra, 19 ene (SANA)<\/strong><\/span> El Observatorio Euromediterr\u00e1neo de Derechos Humanos anunci\u00f3 que las fuerzas de ocupaci\u00f3n israel\u00edes asesin\u00f3 a m\u00e1s de mil palestinos en la Franja de Gaza, desde que la Corte Internacional de Justicia aplaz\u00f3 hace una semana sus audiencias para considerar una demanda presentada por la Rep\u00fablica de Sud\u00e1frica contra &#8221; Israel\u201d respecto a las violaciones de sus obligaciones en virtud de la Convenci\u00f3n para la Prevenci\u00f3n y la Sanci\u00f3n del Delito de Genocidio.<\/p>\n<p style=\"text-align: justify;\">\u00a0\u201cContrariamente a la narrativa presentada por el equipo de abogados israel\u00edes ante la CIJ para negar la acusaci\u00f3n de genocidio, los hechos sobre el terreno prueban que \u201cIsrael\u201d nunca dej\u00f3 de cometer este crimen, incluso durante su sesi\u00f3n de defensa ante el tribunal\u201d, revel\u00f3 el ente.<\/p>\n<p style=\"text-align: justify;\">Asimismo, el Observatorio indic\u00f3 que los acontecimientos de la \u00faltima semana de agresi\u00f3n refutan los reclamos de la ocupaci\u00f3n israel\u00ed ante la Corte Internacional de Justicia, ya que las tropas del ocupante contin\u00faan perpetrando matanzas masivas e individuales, y s\u00f3lo en siete d\u00edas asesinaron a 1.018 palestinos, entre ellos 390 ni\u00f1os y 208 mujeres, con un promedio de 145 palestinos por d\u00eda.<\/p>\n<p style=\"text-align: justify;\">sm<\/p>\n","protected":false},"excerpt":{"rendered":"<p>Ginebra, 19 ene (SANA) El Observatorio Euromediterr\u00e1neo de Derechos Humanos anunci\u00f3 que las fuerzas de ocupaci\u00f3n israel\u00edes asesin\u00f3 a m\u00e1s de mil palestinos en la Franja de Gaza, desde que la Corte Internacional de Justicia aplaz\u00f3 hace una semana sus audiencias para considerar una demanda presentada por la Rep\u00fablica de Sud\u00e1frica contra &#8221; Israel\u201d respecto &hellip;<\/p>\n","protected":false},"author":39,"featured_media":319938,"comment_status":"closed","ping_status":"closed","sticky":false,"template":"","format":"standard","meta":{"footnotes":""},"categories":[597,456,16687,20724,7541],"tags":[],"class_list":["post-319937","post","type-post","status-publish","format-standard","has-post-thumbnail","","category-cinta-de-noticias","category-arabe-internacional-politica","category-internacionales","category-minuto-a-minuto","category-ultimas-noticias"],"_links":{"self":[{"href":"https:\/\/archive.sana.sy\/es\/index.php?rest_route=\/wp\/v2\/posts\/319937"}],"collection":[{"href":"https:\/\/archive.sana.sy\/es\/index.php?rest_route=\/wp\/v2\/posts"}],"about":[{"href":"https:\/\/archive.sana.sy\/es\/index.php?rest_route=\/wp\/v2\/types\/post"}],"author":[{"embeddable":true,"href":"https:\/\/archive.sana.sy\/es\/index.php?rest_route=\/wp\/v2\/users\/39"}],"replies":[{"embeddable":true,"href":"https:\/\/archive.sana.sy\/es\/index.php?rest_route=%2Fwp%2Fv2%2Fcomments&post=319937"}],"version-history":[{"count":1,"href":"https:\/\/archive.sana.sy\/es\/index.php?rest_route=\/wp\/v2\/posts\/319937\/revisions"}],"predecessor-version":[{"id":319939,"href":"https:\/\/archive.sana.sy\/es\/index.php?rest_route=\/wp\/v2\/posts\/319937\/revisions\/319939"}],"wp:featuredmedia":[{"embeddable":true,"href":"https:\/\/archive.sana.sy\/es\/index.php?rest_route=\/wp\/v2\/media\/319938"}],"wp:attachment":[{"href":"https:\/\/archive.sana.sy\/es\/index.php?rest_route=%2Fwp%2Fv2%2Fmedia&parent=319937"}],"wp:term":[{"taxonomy":"category","embeddable":true,"href":"https:\/\/archive.sana.sy\/es\/index.php?rest_route=%2Fwp%2Fv2%2Fcategories&post=319937"},{"taxonomy":"post_tag","embeddable":true,"href":"https:\/\/archive.sana.sy\/es\/index.php?rest_route=%2Fwp%2Fv2%2Ftags&post=319937"}],"curies":[{"name":"wp","href":"https:\/\/api.w.org\/{rel}","templated":true}]}}