{"id":31994,"date":"2015-10-21T16:58:06","date_gmt":"2015-10-21T13:58:06","guid":{"rendered":"http:\/\/sana.sy\/es\/?p=31994"},"modified":"2015-10-21T17:03:36","modified_gmt":"2015-10-21T14:03:36","slug":"lariyani-reitera-apoyo-de-su-pais-a-la-accion-antiterrorsita-de-rusia-en-siria","status":"publish","type":"post","link":"https:\/\/archive.sana.sy\/es\/?p=31994","title":{"rendered":"Lariyani reitera apoyo de su pa\u00eds a la acci\u00f3n antiterrorsita de Rusia en Siria"},"content":{"rendered":"<p><span style=\"color: #800000\">Teher\u00e1n, SANA<\/span><\/p>\n<p>El presidente del Consejo de Shura iran\u00ed (Mayles), Ali Lariyani subray\u00f3 este mi\u00e9rcoles que su pa\u00eds apoya el papel de Rusia en la lucha antiterrorista en Siria, puesto que esta acci\u00f3n se realiza con un enfoque realista y a petici\u00f3n del Gobierno sirio.<\/p>\n<p>En declaraciones concedidas a la prensa antes de su viaje a la ciudad rusa de Sochi para participar en la reuni\u00f3n anual del Club Internacional de Debates Valdai que iniciar\u00e1 ma\u00f1ana, Lariyani hizo alusi\u00f3n a la ineficacia de la llamada Coalici\u00f3n Internacional anti el Estado Isl\u00e1mico, orquestada por EEUU, la cual ha conducido al incremento de las actividades sangrientas de los grupos terroristas.<\/p>\n<p>El alto pol\u00edtico iran\u00ed subray\u00f3 que la lucha contra el terrorismo no es un asunto t\u00e1ctico y temporal, destacando la importancia de elaborar planes para hacer frente al terrorismo que se est\u00e1 propagando en la regi\u00f3n.<\/p>\n<p>Cabe destacar que la agencia rusa Ria Novosti organiza anualmente la reuni\u00f3n de Valdai que se desarrollar\u00e1 este a\u00f1o bajo el t\u00edtulo \u201cEl Control de los Conflictos en el Mundo\u201d.<\/p>\n<p>&nbsp;<\/p>\n<p>Lynn A.<\/p>\n","protected":false},"excerpt":{"rendered":"<p>Teher\u00e1n, SANA El presidente del Consejo de Shura iran\u00ed (Mayles), Ali Lariyani subray\u00f3 este mi\u00e9rcoles que su pa\u00eds apoya el papel de Rusia en la lucha antiterrorista en Siria, puesto que esta acci\u00f3n se realiza con un enfoque realista y a petici\u00f3n del Gobierno sirio. En declaraciones concedidas a la prensa antes de su viaje &hellip;<\/p>\n","protected":false},"author":24,"featured_media":29126,"comment_status":"closed","ping_status":"closed","sticky":false,"template":"","format":"standard","meta":{"footnotes":""},"categories":[456,457,576],"tags":[7129],"class_list":["post-31994","post","type-post","status-publish","format-standard","has-post-thumbnail","","category-arabe-internacional-politica","category-noticias-arabe-internacional-politica","category-noticias-politicas","tag-lariyani-reitera-apoyo-de-su-pais-a-la-accion-antiterrorsita-de-rusia-en-siria"],"_links":{"self":[{"href":"https:\/\/archive.sana.sy\/es\/index.php?rest_route=\/wp\/v2\/posts\/31994"}],"collection":[{"href":"https:\/\/archive.sana.sy\/es\/index.php?rest_route=\/wp\/v2\/posts"}],"about":[{"href":"https:\/\/archive.sana.sy\/es\/index.php?rest_route=\/wp\/v2\/types\/post"}],"author":[{"embeddable":true,"href":"https:\/\/archive.sana.sy\/es\/index.php?rest_route=\/wp\/v2\/users\/24"}],"replies":[{"embeddable":true,"href":"https:\/\/archive.sana.sy\/es\/index.php?rest_route=%2Fwp%2Fv2%2Fcomments&post=31994"}],"version-history":[{"count":0,"href":"https:\/\/archive.sana.sy\/es\/index.php?rest_route=\/wp\/v2\/posts\/31994\/revisions"}],"wp:featuredmedia":[{"embeddable":true,"href":"https:\/\/archive.sana.sy\/es\/index.php?rest_route=\/wp\/v2\/media\/29126"}],"wp:attachment":[{"href":"https:\/\/archive.sana.sy\/es\/index.php?rest_route=%2Fwp%2Fv2%2Fmedia&parent=31994"}],"wp:term":[{"taxonomy":"category","embeddable":true,"href":"https:\/\/archive.sana.sy\/es\/index.php?rest_route=%2Fwp%2Fv2%2Fcategories&post=31994"},{"taxonomy":"post_tag","embeddable":true,"href":"https:\/\/archive.sana.sy\/es\/index.php?rest_route=%2Fwp%2Fv2%2Ftags&post=31994"}],"curies":[{"name":"wp","href":"https:\/\/api.w.org\/{rel}","templated":true}]}}