{"id":319940,"date":"2024-01-19T18:05:52","date_gmt":"2024-01-19T15:05:52","guid":{"rendered":"https:\/\/sana.sy\/es\/?p=319940"},"modified":"2024-01-19T18:15:14","modified_gmt":"2024-01-19T15:15:14","slug":"funcionaria-de-la-onu-israel-violo-el-derecho-internacional-en-su-agresion-contra-gaza","status":"publish","type":"post","link":"https:\/\/archive.sana.sy\/es\/?p=319940","title":{"rendered":"La ONU: \u201cIsrael\u201d viol\u00f3 el derecho internacional en su agresi\u00f3n contra Gaza"},"content":{"rendered":"<p style=\"text-align: justify;\"><span style=\"color: #800000;\"><strong>Madrid, 19 ene (SANA)\u00a0<\/strong> <\/span>La Relatora Especial de la ONU sobre la situaci\u00f3n de los derechos humanos en los territorios palestinos ocupados, Francesca Albanese, confirm\u00f3 que el ocupante israel\u00ed viol\u00f3 el derecho internacional mediante su continua agresi\u00f3n contra la Franja de Gaza, que provoc\u00f3 la muerte y heridas a decenas de miles y la destrucci\u00f3n completa de varias localidades.<\/p>\n<p style=\"text-align: justify;\"><img loading=\"lazy\" decoding=\"async\" class=\"size-medium wp-image-319942 alignright\" src=\"http:\/\/sana.sy\/es\/wp-content\/uploads\/2024\/01\/Funcionaria-de-la-ONU-Israel-violo-el-derecho-internacional-en-su-agresion-contra-Gaza.1jpeg-300x169.jpg\" alt=\"\" width=\"300\" height=\"169\" srcset=\"https:\/\/archive.sana.sy\/es\/wp-content\/uploads\/2024\/01\/Funcionaria-de-la-ONU-Israel-violo-el-derecho-internacional-en-su-agresion-contra-Gaza.1jpeg-300x169.jpg 300w, https:\/\/archive.sana.sy\/es\/wp-content\/uploads\/2024\/01\/Funcionaria-de-la-ONU-Israel-violo-el-derecho-internacional-en-su-agresion-contra-Gaza.1jpeg-150x84.jpg 150w, https:\/\/archive.sana.sy\/es\/wp-content\/uploads\/2024\/01\/Funcionaria-de-la-ONU-Israel-violo-el-derecho-internacional-en-su-agresion-contra-Gaza.1jpeg.jpg 660w\" sizes=\"(max-width: 300px) 100vw, 300px\" \/><\/p>\n<p style=\"text-align: justify;\">\u201cIsrael ha hecho varias cosas ilegales, y el derecho internacional humanitario debe respetarse para proteger a las personas que no participan en los combates, a los civiles, prisioneros de guerra, enfermos y heridos\u201d, dijo hoy la funcionara de la ONU en una conferencia de prensa en la capital espa\u00f1ola, Madrid, seg\u00fan inform\u00f3 la agencia Wafa.<\/p>\n<p style=\"text-align: justify;\">Agreg\u00f3 que los principales hospitales han sido cerrados, bombardeados o ocupados, y ahora la gente est\u00e1 muriendo no s\u00f3lo a causa de las bombas, sino porque no hay suficiente infraestructura sanitaria para tratar sus heridas.<\/p>\n<p style=\"text-align: justify;\">Adem\u00e1s, Albanese se refiri\u00f3 a la catastr\u00f3fica situaci\u00f3n que viven los ni\u00f1os y las mujeres en Gaza, y se\u00f1al\u00f3 que el n\u00famero de ni\u00f1os cuyas extremidades son amputados cada d\u00eda es impactante.<\/p>\n<p style=\"text-align: justify;\">\u201cDurante los primeros dos meses, a mil ni\u00f1os palestinos les amputaron las extremidades sin anestesia, y esto es horrible\u201d, agreg\u00f3 la Relatora y subray\u00f3 que nada justifica lo que est\u00e1 haciendo \u201cIsrael\u201d.<\/p>\n<p>sm<\/p>\n","protected":false},"excerpt":{"rendered":"<p>Madrid, 19 ene (SANA)\u00a0 La Relatora Especial de la ONU sobre la situaci\u00f3n de los derechos humanos en los territorios palestinos ocupados, Francesca Albanese, confirm\u00f3 que el ocupante israel\u00ed viol\u00f3 el derecho internacional mediante su continua agresi\u00f3n contra la Franja de Gaza, que provoc\u00f3 la muerte y heridas a decenas de miles y la destrucci\u00f3n &hellip;<\/p>\n","protected":false},"author":39,"featured_media":319943,"comment_status":"closed","ping_status":"closed","sticky":false,"template":"","format":"standard","meta":{"footnotes":""},"categories":[597,456,16687,20724,7541],"tags":[],"class_list":["post-319940","post","type-post","status-publish","format-standard","has-post-thumbnail","","category-cinta-de-noticias","category-arabe-internacional-politica","category-internacionales","category-minuto-a-minuto","category-ultimas-noticias"],"_links":{"self":[{"href":"https:\/\/archive.sana.sy\/es\/index.php?rest_route=\/wp\/v2\/posts\/319940"}],"collection":[{"href":"https:\/\/archive.sana.sy\/es\/index.php?rest_route=\/wp\/v2\/posts"}],"about":[{"href":"https:\/\/archive.sana.sy\/es\/index.php?rest_route=\/wp\/v2\/types\/post"}],"author":[{"embeddable":true,"href":"https:\/\/archive.sana.sy\/es\/index.php?rest_route=\/wp\/v2\/users\/39"}],"replies":[{"embeddable":true,"href":"https:\/\/archive.sana.sy\/es\/index.php?rest_route=%2Fwp%2Fv2%2Fcomments&post=319940"}],"version-history":[{"count":2,"href":"https:\/\/archive.sana.sy\/es\/index.php?rest_route=\/wp\/v2\/posts\/319940\/revisions"}],"predecessor-version":[{"id":319945,"href":"https:\/\/archive.sana.sy\/es\/index.php?rest_route=\/wp\/v2\/posts\/319940\/revisions\/319945"}],"wp:featuredmedia":[{"embeddable":true,"href":"https:\/\/archive.sana.sy\/es\/index.php?rest_route=\/wp\/v2\/media\/319943"}],"wp:attachment":[{"href":"https:\/\/archive.sana.sy\/es\/index.php?rest_route=%2Fwp%2Fv2%2Fmedia&parent=319940"}],"wp:term":[{"taxonomy":"category","embeddable":true,"href":"https:\/\/archive.sana.sy\/es\/index.php?rest_route=%2Fwp%2Fv2%2Fcategories&post=319940"},{"taxonomy":"post_tag","embeddable":true,"href":"https:\/\/archive.sana.sy\/es\/index.php?rest_route=%2Fwp%2Fv2%2Ftags&post=319940"}],"curies":[{"name":"wp","href":"https:\/\/api.w.org\/{rel}","templated":true}]}}