{"id":319986,"date":"2024-01-20T11:44:37","date_gmt":"2024-01-20T08:44:37","guid":{"rendered":"https:\/\/sana.sy\/es\/?p=319986"},"modified":"2024-01-20T11:44:37","modified_gmt":"2024-01-20T08:44:37","slug":"israel-persiste-en-sus-agresiones-y-violaciones-contra-aldeas-del-sur-del-libano","status":"publish","type":"post","link":"https:\/\/archive.sana.sy\/es\/?p=319986","title":{"rendered":"\u201cIsrael\u201d persiste en sus agresiones y violaciones contra aldeas del sur del L\u00edbano"},"content":{"rendered":"<p style=\"text-align: justify;\"><span style=\"color: #800000;\"><strong>Beirut, 20 ene (SANA)<\/strong> <\/span>El ej\u00e9rcito israel\u00ed renov\u00f3 sus violaciones a la soberan\u00eda libanesa, y sus agresiones contra los pueblos y aldeas libanesas fronterizas con Palestina ocupada.<\/p>\n<p style=\"text-align: justify;\">Seg\u00fan la Agencia Nacional de Noticias Libanesa, el ej\u00e9rcito israel\u00ed intensific\u00f3 los vuelos de sus aviones de reconocimiento durante toda la noche pasada sobre el r\u00edo Litani y las aldeas de los sectores oeste y medio, llegando hasta las cercan\u00edas de la regi\u00f3n de Tiro y la costa mar\u00edtima.<\/p>\n<p style=\"text-align: justify;\">\u201cAdem\u00e1s, el ej\u00e9rcito israel\u00ed abri\u00f3 fuego de ametralladoras pesadas en los alrededores de las localidades de Ramyah y Aita al-Shaab. Tambi\u00e9n bombarde\u00f3 con artiller\u00eda pesada las afueras de las localidades de Ramyah, Naqoura, Jabal Lubnan, Al-Alam, y Dahyreh, simult\u00e1neamente con ataques a\u00e9reos realizados por cazas de combate en las afueras de la localidad de Aita al-Shaab\u201d, detall\u00f3 la agencia libanesa.<\/p>\n<p style=\"text-align: justify;\">Durante la pasada noche, el ej\u00e9rcito israel\u00ed lanz\u00f3 bengalas sobre las aldeas del distrito de Tiro y la costa mar\u00edtima, as\u00ed como sobre la l\u00ednea fronteriza adyacente a Palestina ocupada.<\/p>\n<p style=\"text-align: justify;\"><em><strong>ah<\/strong><\/em><\/p>\n","protected":false},"excerpt":{"rendered":"<p>Beirut, 20 ene (SANA) El ej\u00e9rcito israel\u00ed renov\u00f3 sus violaciones a la soberan\u00eda libanesa, y sus agresiones contra los pueblos y aldeas libanesas fronterizas con Palestina ocupada. Seg\u00fan la Agencia Nacional de Noticias Libanesa, el ej\u00e9rcito israel\u00ed intensific\u00f3 los vuelos de sus aviones de reconocimiento durante toda la noche pasada sobre el r\u00edo Litani y &hellip;<\/p>\n","protected":false},"author":30,"featured_media":319987,"comment_status":"closed","ping_status":"closed","sticky":false,"template":"","format":"standard","meta":{"footnotes":""},"categories":[597,456,20724,7541],"tags":[],"class_list":["post-319986","post","type-post","status-publish","format-standard","has-post-thumbnail","","category-cinta-de-noticias","category-arabe-internacional-politica","category-minuto-a-minuto","category-ultimas-noticias"],"_links":{"self":[{"href":"https:\/\/archive.sana.sy\/es\/index.php?rest_route=\/wp\/v2\/posts\/319986"}],"collection":[{"href":"https:\/\/archive.sana.sy\/es\/index.php?rest_route=\/wp\/v2\/posts"}],"about":[{"href":"https:\/\/archive.sana.sy\/es\/index.php?rest_route=\/wp\/v2\/types\/post"}],"author":[{"embeddable":true,"href":"https:\/\/archive.sana.sy\/es\/index.php?rest_route=\/wp\/v2\/users\/30"}],"replies":[{"embeddable":true,"href":"https:\/\/archive.sana.sy\/es\/index.php?rest_route=%2Fwp%2Fv2%2Fcomments&post=319986"}],"version-history":[{"count":1,"href":"https:\/\/archive.sana.sy\/es\/index.php?rest_route=\/wp\/v2\/posts\/319986\/revisions"}],"predecessor-version":[{"id":319988,"href":"https:\/\/archive.sana.sy\/es\/index.php?rest_route=\/wp\/v2\/posts\/319986\/revisions\/319988"}],"wp:featuredmedia":[{"embeddable":true,"href":"https:\/\/archive.sana.sy\/es\/index.php?rest_route=\/wp\/v2\/media\/319987"}],"wp:attachment":[{"href":"https:\/\/archive.sana.sy\/es\/index.php?rest_route=%2Fwp%2Fv2%2Fmedia&parent=319986"}],"wp:term":[{"taxonomy":"category","embeddable":true,"href":"https:\/\/archive.sana.sy\/es\/index.php?rest_route=%2Fwp%2Fv2%2Fcategories&post=319986"},{"taxonomy":"post_tag","embeddable":true,"href":"https:\/\/archive.sana.sy\/es\/index.php?rest_route=%2Fwp%2Fv2%2Ftags&post=319986"}],"curies":[{"name":"wp","href":"https:\/\/api.w.org\/{rel}","templated":true}]}}