{"id":320010,"date":"2024-01-20T16:24:58","date_gmt":"2024-01-20T13:24:58","guid":{"rendered":"https:\/\/sana.sy\/es\/?p=320010"},"modified":"2024-01-20T16:30:20","modified_gmt":"2024-01-20T13:30:20","slug":"ataque-israeli-con-drones-causa-victimas-en-el-sur-del-libano","status":"publish","type":"post","link":"https:\/\/archive.sana.sy\/es\/?p=320010","title":{"rendered":"Ataque israel\u00ed con drones causa v\u00edctimas en el sur del L\u00edbano"},"content":{"rendered":"<p style=\"text-align: justify;\"><span style=\"color: #800000;\"><strong>Beirut, 20 ene (SANA)\u00a0 \u00a0<\/strong><\/span>El ocupante israel\u00ed atac\u00f3 con un dron un autom\u00f3vil en la localidad de Bazouriye, distrito de Tiro, al sur del L\u00edbano.<\/p>\n<p style=\"text-align: justify;\">La Agencia Nacional de Noticias Libanesa indic\u00f3 que las informaciones preliminares dan cuenta de que hubo heridos como resultado de este ataque.<\/p>\n<p style=\"text-align: justify;\">\u201cLos equipos de ambulancias se dirigieron al lugar\u201d, detall\u00f3.<\/p>\n<p style=\"text-align: justify;\">Asimismo, otro ataque con dron israel\u00ed tuvo como blanco una vivienda en la localidad de Marwahin, al sur del L\u00edbano.<\/p>\n<p style=\"text-align: justify;\">La Agencia Libanesa explic\u00f3 que esta casa hab\u00eda sido atacado varias veces recientemente por el ocupante sionista.<\/p>\n<p style=\"text-align: justify;\">rr<\/p>\n","protected":false},"excerpt":{"rendered":"<p>Beirut, 20 ene (SANA)\u00a0 \u00a0El ocupante israel\u00ed atac\u00f3 con un dron un autom\u00f3vil en la localidad de Bazouriye, distrito de Tiro, al sur del L\u00edbano. La Agencia Nacional de Noticias Libanesa indic\u00f3 que las informaciones preliminares dan cuenta de que hubo heridos como resultado de este ataque. \u201cLos equipos de ambulancias se dirigieron al lugar\u201d, &hellip;<\/p>\n","protected":false},"author":31,"featured_media":320011,"comment_status":"closed","ping_status":"closed","sticky":false,"template":"","format":"standard","meta":{"footnotes":""},"categories":[597,456,16687,7541],"tags":[8602,8542],"class_list":["post-320010","post","type-post","status-publish","format-standard","has-post-thumbnail","","category-cinta-de-noticias","category-arabe-internacional-politica","category-internacionales","category-ultimas-noticias","tag-ataque","tag-libano"],"_links":{"self":[{"href":"https:\/\/archive.sana.sy\/es\/index.php?rest_route=\/wp\/v2\/posts\/320010"}],"collection":[{"href":"https:\/\/archive.sana.sy\/es\/index.php?rest_route=\/wp\/v2\/posts"}],"about":[{"href":"https:\/\/archive.sana.sy\/es\/index.php?rest_route=\/wp\/v2\/types\/post"}],"author":[{"embeddable":true,"href":"https:\/\/archive.sana.sy\/es\/index.php?rest_route=\/wp\/v2\/users\/31"}],"replies":[{"embeddable":true,"href":"https:\/\/archive.sana.sy\/es\/index.php?rest_route=%2Fwp%2Fv2%2Fcomments&post=320010"}],"version-history":[{"count":2,"href":"https:\/\/archive.sana.sy\/es\/index.php?rest_route=\/wp\/v2\/posts\/320010\/revisions"}],"predecessor-version":[{"id":320014,"href":"https:\/\/archive.sana.sy\/es\/index.php?rest_route=\/wp\/v2\/posts\/320010\/revisions\/320014"}],"wp:featuredmedia":[{"embeddable":true,"href":"https:\/\/archive.sana.sy\/es\/index.php?rest_route=\/wp\/v2\/media\/320011"}],"wp:attachment":[{"href":"https:\/\/archive.sana.sy\/es\/index.php?rest_route=%2Fwp%2Fv2%2Fmedia&parent=320010"}],"wp:term":[{"taxonomy":"category","embeddable":true,"href":"https:\/\/archive.sana.sy\/es\/index.php?rest_route=%2Fwp%2Fv2%2Fcategories&post=320010"},{"taxonomy":"post_tag","embeddable":true,"href":"https:\/\/archive.sana.sy\/es\/index.php?rest_route=%2Fwp%2Fv2%2Ftags&post=320010"}],"curies":[{"name":"wp","href":"https:\/\/api.w.org\/{rel}","templated":true}]}}