{"id":320022,"date":"2024-01-20T12:05:38","date_gmt":"2024-01-20T09:05:38","guid":{"rendered":"https:\/\/sana.sy\/es\/?p=320022"},"modified":"2024-01-20T18:53:12","modified_gmt":"2024-01-20T15:53:12","slug":"el-minuto-a-minuto-de-la-agresion-israeli-a-gaza-15","status":"publish","type":"post","link":"https:\/\/archive.sana.sy\/es\/?p=320022","title":{"rendered":"El Minuto a minuto de la agresi\u00f3n israel\u00ed a Gaza"},"content":{"rendered":"<p style=\"text-align: justify;\"><span style=\"color: #800000;\"><strong>Jerusal\u00e9n ocupada, 20 ene (SANA)<\/strong> <\/span><strong>A continuaci\u00f3n, los desarrollos m\u00e1s recientes sobre la agresi\u00f3n israel\u00ed contra la Franja de Gaza:<\/strong><\/p>\n<p style=\"text-align: justify;\">???????? Violentos bombardeos israel\u00edes contra la localidad de Jabalia, al norte de la Franja de Gaza.<\/p>\n<p style=\"text-align: justify;\">???????? Resistencia palestina ataca con morteros las concentraciones israel\u00edes en la ciudad de Khan Yunis, al sur de la Franja de Gaza.<\/p>\n<p style=\"text-align: justify;\">???????? Cuatro palestinos perdieron la vida y otros resultaron heridos por bombardeo de la ocupaci\u00f3n israel\u00ed contra una casa en el campamento de Nuseirat en el centro de la Franja de Gaza.<\/p>\n<p style=\"text-align: justify;\">???????? Resistencia Palestina: Nuestros combatientes dispararon a un soldado israel\u00ed al sur de la ciudad de Gaza<\/p>\n<p style=\"text-align: justify;\">???????? Ministerio de Salud palestino: El n\u00famero de v\u00edctimas de la actual agresi\u00f3n israel\u00ed a la Franja de Gaza ha aumentado a 24.927 muertos y 62.388 heridos.<\/p>\n<p style=\"text-align: justify;\">???????? Persistente agresi\u00f3n israel\u00ed contra Gaza por 106 d\u00edas consecutivos deja m\u00e1s v\u00edctimas mortales y heridos<\/p>\n<p style=\"text-align: justify;\">???????? Ministerio de Salud en Gaza: El ocupante israel\u00ed perpetr\u00f3 14 masacres contra familias en la Franja de Gaza que resultaron en 165 muertos y 280 heridos durante las \u00faltimas 24 horas.<\/p>\n<p style=\"text-align: justify;\">\n","protected":false},"excerpt":{"rendered":"<p>Jerusal\u00e9n ocupada, 20 ene (SANA) A continuaci\u00f3n, los desarrollos m\u00e1s recientes sobre la agresi\u00f3n israel\u00ed contra la Franja de Gaza: ???????? Violentos bombardeos israel\u00edes contra la localidad de Jabalia, al norte de la Franja de Gaza. ???????? Resistencia palestina ataca con morteros las concentraciones israel\u00edes en la ciudad de Khan Yunis, al sur de la &hellip;<\/p>\n","protected":false},"author":31,"featured_media":320023,"comment_status":"closed","ping_status":"closed","sticky":false,"template":"","format":"standard","meta":{"footnotes":""},"categories":[597,456,16687,583],"tags":[12002,1494],"class_list":["post-320022","post","type-post","status-publish","format-standard","has-post-thumbnail","","category-cinta-de-noticias","category-arabe-internacional-politica","category-internacionales","category-slide","tag-gaza","tag-palestina"],"_links":{"self":[{"href":"https:\/\/archive.sana.sy\/es\/index.php?rest_route=\/wp\/v2\/posts\/320022"}],"collection":[{"href":"https:\/\/archive.sana.sy\/es\/index.php?rest_route=\/wp\/v2\/posts"}],"about":[{"href":"https:\/\/archive.sana.sy\/es\/index.php?rest_route=\/wp\/v2\/types\/post"}],"author":[{"embeddable":true,"href":"https:\/\/archive.sana.sy\/es\/index.php?rest_route=\/wp\/v2\/users\/31"}],"replies":[{"embeddable":true,"href":"https:\/\/archive.sana.sy\/es\/index.php?rest_route=%2Fwp%2Fv2%2Fcomments&post=320022"}],"version-history":[{"count":1,"href":"https:\/\/archive.sana.sy\/es\/index.php?rest_route=\/wp\/v2\/posts\/320022\/revisions"}],"predecessor-version":[{"id":320024,"href":"https:\/\/archive.sana.sy\/es\/index.php?rest_route=\/wp\/v2\/posts\/320022\/revisions\/320024"}],"wp:featuredmedia":[{"embeddable":true,"href":"https:\/\/archive.sana.sy\/es\/index.php?rest_route=\/wp\/v2\/media\/320023"}],"wp:attachment":[{"href":"https:\/\/archive.sana.sy\/es\/index.php?rest_route=%2Fwp%2Fv2%2Fmedia&parent=320022"}],"wp:term":[{"taxonomy":"category","embeddable":true,"href":"https:\/\/archive.sana.sy\/es\/index.php?rest_route=%2Fwp%2Fv2%2Fcategories&post=320022"},{"taxonomy":"post_tag","embeddable":true,"href":"https:\/\/archive.sana.sy\/es\/index.php?rest_route=%2Fwp%2Fv2%2Ftags&post=320022"}],"curies":[{"name":"wp","href":"https:\/\/api.w.org\/{rel}","templated":true}]}}