{"id":320025,"date":"2024-01-20T10:35:32","date_gmt":"2024-01-20T07:35:32","guid":{"rendered":"https:\/\/sana.sy\/es\/?p=320025"},"modified":"2024-01-20T21:13:56","modified_gmt":"2024-01-20T18:13:56","slug":"resistencia-iraqui-derriba-un-dron-estadounidense-en-diyala","status":"publish","type":"post","link":"https:\/\/archive.sana.sy\/es\/?p=320025","title":{"rendered":"Resistencia iraqu\u00ed derriba un dron estadounidense en Diyala"},"content":{"rendered":"<p style=\"text-align: justify;\"><span style=\"color: #800000;\"><strong>Bagdad, 20 ene (SANA) <\/strong><\/span>La resistencia iraqu\u00ed derrib\u00f3 un dron estadounidense que sobrevolaba la gobernaci\u00f3n de Diyala, al este del pa\u00eds.<\/p>\n<p style=\"text-align: justify;\">\u201cUn veh\u00edculo a\u00e9reo no tripulado MQ-9 del ocupante de EE.UU fue blanco ayer por nuestros combatientes\u201d, anunci\u00f3 la Resistencia en un comunicado.<\/p>\n<p style=\"text-align: justify;\">Indic\u00f3 que el dron fue atacado en defensa de la soberan\u00eda de Irak y la regi\u00f3n contra el ocupante estadounidense y en apoyo a los pobladores de Gaza.<\/p>\n<p style=\"text-align: justify;\">rr\/sm<\/p>\n","protected":false},"excerpt":{"rendered":"<p>Bagdad, 20 ene (SANA) La resistencia iraqu\u00ed derrib\u00f3 un dron estadounidense que sobrevolaba la gobernaci\u00f3n de Diyala, al este del pa\u00eds. \u201cUn veh\u00edculo a\u00e9reo no tripulado MQ-9 del ocupante de EE.UU fue blanco ayer por nuestros combatientes\u201d, anunci\u00f3 la Resistencia en un comunicado. Indic\u00f3 que el dron fue atacado en defensa de la soberan\u00eda de &hellip;<\/p>\n","protected":false},"author":31,"featured_media":320026,"comment_status":"closed","ping_status":"closed","sticky":false,"template":"","format":"standard","meta":{"footnotes":""},"categories":[456,16687,7541],"tags":[7132,5835],"class_list":["post-320025","post","type-post","status-publish","format-standard","has-post-thumbnail","","category-arabe-internacional-politica","category-internacionales","category-ultimas-noticias","tag-eeuu","tag-iraq"],"_links":{"self":[{"href":"https:\/\/archive.sana.sy\/es\/index.php?rest_route=\/wp\/v2\/posts\/320025"}],"collection":[{"href":"https:\/\/archive.sana.sy\/es\/index.php?rest_route=\/wp\/v2\/posts"}],"about":[{"href":"https:\/\/archive.sana.sy\/es\/index.php?rest_route=\/wp\/v2\/types\/post"}],"author":[{"embeddable":true,"href":"https:\/\/archive.sana.sy\/es\/index.php?rest_route=\/wp\/v2\/users\/31"}],"replies":[{"embeddable":true,"href":"https:\/\/archive.sana.sy\/es\/index.php?rest_route=%2Fwp%2Fv2%2Fcomments&post=320025"}],"version-history":[{"count":5,"href":"https:\/\/archive.sana.sy\/es\/index.php?rest_route=\/wp\/v2\/posts\/320025\/revisions"}],"predecessor-version":[{"id":320033,"href":"https:\/\/archive.sana.sy\/es\/index.php?rest_route=\/wp\/v2\/posts\/320025\/revisions\/320033"}],"wp:featuredmedia":[{"embeddable":true,"href":"https:\/\/archive.sana.sy\/es\/index.php?rest_route=\/wp\/v2\/media\/320026"}],"wp:attachment":[{"href":"https:\/\/archive.sana.sy\/es\/index.php?rest_route=%2Fwp%2Fv2%2Fmedia&parent=320025"}],"wp:term":[{"taxonomy":"category","embeddable":true,"href":"https:\/\/archive.sana.sy\/es\/index.php?rest_route=%2Fwp%2Fv2%2Fcategories&post=320025"},{"taxonomy":"post_tag","embeddable":true,"href":"https:\/\/archive.sana.sy\/es\/index.php?rest_route=%2Fwp%2Fv2%2Ftags&post=320025"}],"curies":[{"name":"wp","href":"https:\/\/api.w.org\/{rel}","templated":true}]}}