{"id":320037,"date":"2024-01-20T20:41:59","date_gmt":"2024-01-20T17:41:59","guid":{"rendered":"https:\/\/sana.sy\/es\/?p=320037"},"modified":"2024-01-20T20:43:46","modified_gmt":"2024-01-20T17:43:46","slug":"siria-condena-energicamente-reciente-agresion-israeli-contra-damasco","status":"publish","type":"post","link":"https:\/\/archive.sana.sy\/es\/?p=320037","title":{"rendered":"Siria condena en\u00e9rgicamente reciente agresi\u00f3n israel\u00ed contra Damasco"},"content":{"rendered":"<p style=\"text-align: justify;\"><span style=\"color: #800000;\"><strong>Damasco, 20 ene (SANA)<\/strong>\u00a0<\/span> El Ministerio de Asuntos Exteriores y Expatriados de Siria conden\u00f3 en\u00e9rgicamente la reciente agresi\u00f3n israel\u00ed perpetrada contra un barrio residencial en la capital Damasco.<\/p>\n<p style=\"text-align: justify;\">\u201cSiria llama a la comunidad internacional a tomar medidas inmediatas para cesar estos cr\u00edmenes y masacres cometidos por la entidad sionista contra inocentes y propiedades de civiles, que perturban la paz y la seguridad regionales e internacionales y violan los principios de la Carta de las Naciones Unidas\u201d, destac\u00f3 la Canciller\u00eda en un comunicado.<\/p>\n<p style=\"text-align: justify;\">Se\u00f1al\u00f3 que la agresi\u00f3n israel\u00ed contra familias seguras y la demolici\u00f3n de viviendas civiles, sin tener en cuenta a un ni\u00f1o, anciano o mujer, se ha convertido en un enfoque israel\u00ed que refleja la pol\u00edtica de exterminio adoptada por el sionismo fascista, basada en negar la existencia de los pueblos y sus derechos.<\/p>\n<p style=\"text-align: justify;\">\u201cSiria pide a los pa\u00edses del mundo a hacer frente a las pol\u00edticas genocidas llevadas a cabo por \u201cIsrael\u201d en la regi\u00f3n \u00e1rabe, e insta al Consejo de Seguridad que asuma sus responsabilidades en el mantenimiento de la paz y la seguridad internacionales y poner fin a las pol\u00edticas israel\u00edes inhumanas e inmorales\u201d, concluy\u00f3 la Canciller\u00eda.<\/p>\n<p>rr\/ss<\/p>\n","protected":false},"excerpt":{"rendered":"<p>Damasco, 20 ene (SANA)\u00a0 El Ministerio de Asuntos Exteriores y Expatriados de Siria conden\u00f3 en\u00e9rgicamente la reciente agresi\u00f3n israel\u00ed perpetrada contra un barrio residencial en la capital Damasco. \u201cSiria llama a la comunidad internacional a tomar medidas inmediatas para cesar estos cr\u00edmenes y masacres cometidos por la entidad sionista contra inocentes y propiedades de civiles, &hellip;<\/p>\n","protected":false},"author":39,"featured_media":320040,"comment_status":"closed","ping_status":"closed","sticky":false,"template":"","format":"standard","meta":{"footnotes":""},"categories":[477,597,573,20724,583],"tags":[],"class_list":["post-320037","post","type-post","status-publish","format-standard","has-post-thumbnail","","category-noticias-edulcorantes","category-cinta-de-noticias","category-la-realidad-de-los-acontecimientos-en-siria","category-minuto-a-minuto","category-slide"],"_links":{"self":[{"href":"https:\/\/archive.sana.sy\/es\/index.php?rest_route=\/wp\/v2\/posts\/320037"}],"collection":[{"href":"https:\/\/archive.sana.sy\/es\/index.php?rest_route=\/wp\/v2\/posts"}],"about":[{"href":"https:\/\/archive.sana.sy\/es\/index.php?rest_route=\/wp\/v2\/types\/post"}],"author":[{"embeddable":true,"href":"https:\/\/archive.sana.sy\/es\/index.php?rest_route=\/wp\/v2\/users\/39"}],"replies":[{"embeddable":true,"href":"https:\/\/archive.sana.sy\/es\/index.php?rest_route=%2Fwp%2Fv2%2Fcomments&post=320037"}],"version-history":[{"count":1,"href":"https:\/\/archive.sana.sy\/es\/index.php?rest_route=\/wp\/v2\/posts\/320037\/revisions"}],"predecessor-version":[{"id":320039,"href":"https:\/\/archive.sana.sy\/es\/index.php?rest_route=\/wp\/v2\/posts\/320037\/revisions\/320039"}],"wp:featuredmedia":[{"embeddable":true,"href":"https:\/\/archive.sana.sy\/es\/index.php?rest_route=\/wp\/v2\/media\/320040"}],"wp:attachment":[{"href":"https:\/\/archive.sana.sy\/es\/index.php?rest_route=%2Fwp%2Fv2%2Fmedia&parent=320037"}],"wp:term":[{"taxonomy":"category","embeddable":true,"href":"https:\/\/archive.sana.sy\/es\/index.php?rest_route=%2Fwp%2Fv2%2Fcategories&post=320037"},{"taxonomy":"post_tag","embeddable":true,"href":"https:\/\/archive.sana.sy\/es\/index.php?rest_route=%2Fwp%2Fv2%2Ftags&post=320037"}],"curies":[{"name":"wp","href":"https:\/\/api.w.org\/{rel}","templated":true}]}}