{"id":320043,"date":"2024-01-20T21:12:14","date_gmt":"2024-01-20T18:12:14","guid":{"rendered":"https:\/\/sana.sy\/es\/?p=320043"},"modified":"2024-01-20T21:12:14","modified_gmt":"2024-01-20T18:12:14","slug":"iran-manifiesta-su-condena-a-la-agresion-israeli-contra-damasco","status":"publish","type":"post","link":"https:\/\/archive.sana.sy\/es\/?p=320043","title":{"rendered":"Ir\u00e1n manifiesta su condena a la agresi\u00f3n israel\u00ed contra Damasco"},"content":{"rendered":"<p style=\"text-align: justify;\"><span style=\"color: #800000;\"><strong>Teher\u00e1n, 20 ene (SANA)<\/strong> <\/span>El Ministerio de Asuntos Exteriores de Ir\u00e1n conden\u00f3 la criminal agresi\u00f3n israel\u00ed contra el barrio Mazze en Damasco, que provoc\u00f3 la muerte de varias personas, entre ellas asesores iran\u00edes.<\/p>\n<p style=\"text-align: justify;\">\u201cLa repetida violaci\u00f3n de la soberan\u00eda y la integridad territorial de Siria por parte de la entidad sionista y la intensificaci\u00f3n de sus ataques agresivos es una indicaci\u00f3n de la incapacidad de este r\u00e9gimen criminal en el campo de batalla en Gaza y Cisjordania, y una evidencia de sus intentos desesperados de extender la guerra en la regi\u00f3n\u201d, declar\u00f3 hoy el portavoz de la Canciller\u00eda iran\u00ed, Nasser Kanaani.<\/p>\n<p style=\"text-align: justify;\">Agreg\u00f3 que los asesores iran\u00edes residentes en Siria, por invitaci\u00f3n oficial del gobierno sirio, desempe\u00f1an un papel importante en la lucha contra el terrorismo para lograr la paz, la estabilidad y la seguridad, y que el asesinato de ellos por parte de \u201cIsrael\u201d es una muestra clara de la conexi\u00f3n profunda y organizada entre \u201cTel Aviv\u201d y los grupos terroristas, incluido Daesh.<\/p>\n<p style=\"text-align: justify;\">\u201cLa Rep\u00fablica Isl\u00e1mica de Ir\u00e1n, adem\u00e1s de la persecuci\u00f3n pol\u00edtica, legal e internacional de estos actos agresivos y criminales, tiene derecho a responder al terrorismo organizado de \u201cIsrael\u201d en el momento y lugar apropiados\u201d, concluy\u00f3.<\/p>\n<p style=\"text-align: justify;\">rr\/sm<\/p>\n","protected":false},"excerpt":{"rendered":"<p>Teher\u00e1n, 20 ene (SANA) El Ministerio de Asuntos Exteriores de Ir\u00e1n conden\u00f3 la criminal agresi\u00f3n israel\u00ed contra el barrio Mazze en Damasco, que provoc\u00f3 la muerte de varias personas, entre ellas asesores iran\u00edes. \u201cLa repetida violaci\u00f3n de la soberan\u00eda y la integridad territorial de Siria por parte de la entidad sionista y la intensificaci\u00f3n de &hellip;<\/p>\n","protected":false},"author":39,"featured_media":320045,"comment_status":"closed","ping_status":"closed","sticky":false,"template":"","format":"standard","meta":{"footnotes":""},"categories":[597,20724,467,7541],"tags":[],"class_list":["post-320043","post","type-post","status-publish","format-standard","has-post-thumbnail","","category-cinta-de-noticias","category-minuto-a-minuto","category-siria-y-el-mundo","category-ultimas-noticias"],"_links":{"self":[{"href":"https:\/\/archive.sana.sy\/es\/index.php?rest_route=\/wp\/v2\/posts\/320043"}],"collection":[{"href":"https:\/\/archive.sana.sy\/es\/index.php?rest_route=\/wp\/v2\/posts"}],"about":[{"href":"https:\/\/archive.sana.sy\/es\/index.php?rest_route=\/wp\/v2\/types\/post"}],"author":[{"embeddable":true,"href":"https:\/\/archive.sana.sy\/es\/index.php?rest_route=\/wp\/v2\/users\/39"}],"replies":[{"embeddable":true,"href":"https:\/\/archive.sana.sy\/es\/index.php?rest_route=%2Fwp%2Fv2%2Fcomments&post=320043"}],"version-history":[{"count":1,"href":"https:\/\/archive.sana.sy\/es\/index.php?rest_route=\/wp\/v2\/posts\/320043\/revisions"}],"predecessor-version":[{"id":320046,"href":"https:\/\/archive.sana.sy\/es\/index.php?rest_route=\/wp\/v2\/posts\/320043\/revisions\/320046"}],"wp:featuredmedia":[{"embeddable":true,"href":"https:\/\/archive.sana.sy\/es\/index.php?rest_route=\/wp\/v2\/media\/320045"}],"wp:attachment":[{"href":"https:\/\/archive.sana.sy\/es\/index.php?rest_route=%2Fwp%2Fv2%2Fmedia&parent=320043"}],"wp:term":[{"taxonomy":"category","embeddable":true,"href":"https:\/\/archive.sana.sy\/es\/index.php?rest_route=%2Fwp%2Fv2%2Fcategories&post=320043"},{"taxonomy":"post_tag","embeddable":true,"href":"https:\/\/archive.sana.sy\/es\/index.php?rest_route=%2Fwp%2Fv2%2Ftags&post=320043"}],"curies":[{"name":"wp","href":"https:\/\/api.w.org\/{rel}","templated":true}]}}