{"id":320054,"date":"2024-01-21T10:54:15","date_gmt":"2024-01-21T07:54:15","guid":{"rendered":"https:\/\/sana.sy\/es\/?p=320054"},"modified":"2024-01-21T16:21:06","modified_gmt":"2024-01-21T13:21:06","slug":"canciller-de-cuba-condena-ataque-de-israel-contra-edificio-residencial-en-damasco","status":"publish","type":"post","link":"https:\/\/archive.sana.sy\/es\/?p=320054","title":{"rendered":"Canciller de Cuba condena ataque de \u201cIsrael\u201d contra\u00a0edificio residencial en Damasco"},"content":{"rendered":"<p style=\"text-align: justify;\"><strong><span style=\"color: #800000;\">La Habana,<\/span> <span style=\"color: #800000;\">21 ene (SANA)<\/span><\/strong>\u00a0 El canciller de Cuba, Bruno Rodr\u00edguez Parrilla, conden\u00f3 este domingo el ataque perpetrado por el r\u00e9gimen israel\u00ed\u00a0 contra un edificio residencial en el barrio de Mezzeh, en Damasco.<\/p>\n<p style=\"text-align: justify;\">&#8220;Condenamos en\u00e9rgicamente ataque israel\u00ed contra barrio residencial de Damasco donde se ubican varias misiones y residencias diplom\u00e1ticas, incluida la de Cuba&#8221;, escribi\u00f3 el ministro de Relaciones Exteriores cubano en su cuenta en la red social X.<\/p>\n<p style=\"text-align: justify;\">Denunciamos esa peligrosa acci\u00f3n que irrespeta soberan\u00eda de Siria y pone en riesgo sedes diplom\u00e1ticas acreditadas en ese pa\u00eds, agreg\u00f3.<\/p>\n<p style=\"text-align: justify;\">En este vecindario, a tan solo 200 metros, se encuentra la residencia del embajador de Cuba en Damasco y de las embajadas de Venezuela y Sud\u00e1frica.<\/p>\n<p style=\"text-align: justify;\">Alrededor de las 10:20 hora local del s\u00e1bado, 20 de enero, Israel dispar\u00f3 varios misiles desde la direcci\u00f3n del Gol\u00e1n sirio ocupado, contra un edificio residencial en el barrio capitalino Mazzeh en el centro de Damasco lo que provoc\u00f3 la muerte de varios civiles, entre ellos asesores iran\u00edes.<\/p>\n<p style=\"text-align: justify;\"><strong>ws\/fm<\/strong><\/p>\n","protected":false},"excerpt":{"rendered":"<p>La Habana, 21 ene (SANA)\u00a0 El canciller de Cuba, Bruno Rodr\u00edguez Parrilla, conden\u00f3 este domingo el ataque perpetrado por el r\u00e9gimen israel\u00ed\u00a0 contra un edificio residencial en el barrio de Mezzeh, en Damasco. &#8220;Condenamos en\u00e9rgicamente ataque israel\u00ed contra barrio residencial de Damasco donde se ubican varias misiones y residencias diplom\u00e1ticas, incluida la de Cuba&#8221;, escribi\u00f3 &hellip;<\/p>\n","protected":false},"author":35,"featured_media":320055,"comment_status":"closed","ping_status":"closed","sticky":false,"template":"","format":"standard","meta":{"footnotes":""},"categories":[597,456,16687,20724,467,7541],"tags":[],"class_list":["post-320054","post","type-post","status-publish","format-standard","has-post-thumbnail","","category-cinta-de-noticias","category-arabe-internacional-politica","category-internacionales","category-minuto-a-minuto","category-siria-y-el-mundo","category-ultimas-noticias"],"_links":{"self":[{"href":"https:\/\/archive.sana.sy\/es\/index.php?rest_route=\/wp\/v2\/posts\/320054"}],"collection":[{"href":"https:\/\/archive.sana.sy\/es\/index.php?rest_route=\/wp\/v2\/posts"}],"about":[{"href":"https:\/\/archive.sana.sy\/es\/index.php?rest_route=\/wp\/v2\/types\/post"}],"author":[{"embeddable":true,"href":"https:\/\/archive.sana.sy\/es\/index.php?rest_route=\/wp\/v2\/users\/35"}],"replies":[{"embeddable":true,"href":"https:\/\/archive.sana.sy\/es\/index.php?rest_route=%2Fwp%2Fv2%2Fcomments&post=320054"}],"version-history":[{"count":3,"href":"https:\/\/archive.sana.sy\/es\/index.php?rest_route=\/wp\/v2\/posts\/320054\/revisions"}],"predecessor-version":[{"id":320095,"href":"https:\/\/archive.sana.sy\/es\/index.php?rest_route=\/wp\/v2\/posts\/320054\/revisions\/320095"}],"wp:featuredmedia":[{"embeddable":true,"href":"https:\/\/archive.sana.sy\/es\/index.php?rest_route=\/wp\/v2\/media\/320055"}],"wp:attachment":[{"href":"https:\/\/archive.sana.sy\/es\/index.php?rest_route=%2Fwp%2Fv2%2Fmedia&parent=320054"}],"wp:term":[{"taxonomy":"category","embeddable":true,"href":"https:\/\/archive.sana.sy\/es\/index.php?rest_route=%2Fwp%2Fv2%2Fcategories&post=320054"},{"taxonomy":"post_tag","embeddable":true,"href":"https:\/\/archive.sana.sy\/es\/index.php?rest_route=%2Fwp%2Fv2%2Ftags&post=320054"}],"curies":[{"name":"wp","href":"https:\/\/api.w.org\/{rel}","templated":true}]}}