{"id":320069,"date":"2024-01-21T12:46:17","date_gmt":"2024-01-21T09:46:17","guid":{"rendered":"https:\/\/sana.sy\/es\/?p=320069"},"modified":"2024-01-21T21:07:13","modified_gmt":"2024-01-21T18:07:13","slug":"el-minuto-a-minuto-de-la-agresion-israeli-a-gaza-16","status":"publish","type":"post","link":"https:\/\/archive.sana.sy\/es\/?p=320069","title":{"rendered":"El Minuto a minuto de la agresi\u00f3n israel\u00ed a Gaza"},"content":{"rendered":"<p style=\"text-align: justify;\"><span style=\"color: #800000;\"><strong>Jerusal\u00e9n ocupada, 21 ene (SANA)<\/strong> <\/span><strong>A continuaci\u00f3n, los desarrollos m\u00e1s recientes sobre la agresi\u00f3n israel\u00ed contra la Franja de Gaza:<\/strong><\/p>\n<p>????????\u00a0 25.105 muertos y 62.681 heridos palestinos es el saldo de la agresi\u00f3n israel\u00ed contra Gaza en 107 d\u00edas<\/p>\n<p style=\"text-align: justify;\">???????? Combatientes de la resistencia palestina atacaron con misiles &#8220;107&#8221; y proyectiles de mortero a soldados israel\u00edes y sus veh\u00edculos militares al norte y al este del campo de refugiados de Bureij, en el centro de Gaza.<\/p>\n<p style=\"text-align: justify;\">????????\u00a0 &#8220;Israel&#8221; le est\u00e1 dando al mundo la oportunidad de ver un genocidio como una serie de televisi\u00f3n<\/p>\n<p style=\"text-align: justify;\">????????\u00a0 Muertos y heridos en masacres cometidas por aviones israel\u00edes contra la ciudad de Khan Yunis,al sur de Gaza.<\/p>\n<p style=\"text-align: justify;\">???????? La Fuerza A\u00e9rea israel\u00ed bombardea una vivienda palestina en el barrio de Al-Zaytoun, al este de Gaza , provocando muertes y heridos entre los palestinos.<\/p>\n<p style=\"text-align: justify;\">???????? Un palestino muerto y otros heridos en bombardeo a\u00e9reo israel\u00ed contra una vivienda en el barrio de Al-Amal, al oeste de la ciudad de Khan Yunis, en el sur de Gaza.<\/p>\n<p style=\"text-align: justify;\">???????? El ej\u00e9rcito israel\u00ed reconoce la muerte de uno de sus militares y la grave lesi\u00f3n de otros tres , entre ellos un oficial durante choques con la resistencia palestina en Gaza.<\/p>\n<p>as\/fm<\/p>\n","protected":false},"excerpt":{"rendered":"<p>Jerusal\u00e9n ocupada, 21 ene (SANA) A continuaci\u00f3n, los desarrollos m\u00e1s recientes sobre la agresi\u00f3n israel\u00ed contra la Franja de Gaza: ????????\u00a0 25.105 muertos y 62.681 heridos palestinos es el saldo de la agresi\u00f3n israel\u00ed contra Gaza en 107 d\u00edas ???????? Combatientes de la resistencia palestina atacaron con misiles &#8220;107&#8221; y proyectiles de mortero a soldados &hellip;<\/p>\n","protected":false},"author":42,"featured_media":320070,"comment_status":"closed","ping_status":"closed","sticky":false,"template":"","format":"standard","meta":{"footnotes":""},"categories":[597,456,16687,20724,583],"tags":[],"class_list":["post-320069","post","type-post","status-publish","format-standard","has-post-thumbnail","","category-cinta-de-noticias","category-arabe-internacional-politica","category-internacionales","category-minuto-a-minuto","category-slide"],"_links":{"self":[{"href":"https:\/\/archive.sana.sy\/es\/index.php?rest_route=\/wp\/v2\/posts\/320069"}],"collection":[{"href":"https:\/\/archive.sana.sy\/es\/index.php?rest_route=\/wp\/v2\/posts"}],"about":[{"href":"https:\/\/archive.sana.sy\/es\/index.php?rest_route=\/wp\/v2\/types\/post"}],"author":[{"embeddable":true,"href":"https:\/\/archive.sana.sy\/es\/index.php?rest_route=\/wp\/v2\/users\/42"}],"replies":[{"embeddable":true,"href":"https:\/\/archive.sana.sy\/es\/index.php?rest_route=%2Fwp%2Fv2%2Fcomments&post=320069"}],"version-history":[{"count":3,"href":"https:\/\/archive.sana.sy\/es\/index.php?rest_route=\/wp\/v2\/posts\/320069\/revisions"}],"predecessor-version":[{"id":320125,"href":"https:\/\/archive.sana.sy\/es\/index.php?rest_route=\/wp\/v2\/posts\/320069\/revisions\/320125"}],"wp:featuredmedia":[{"embeddable":true,"href":"https:\/\/archive.sana.sy\/es\/index.php?rest_route=\/wp\/v2\/media\/320070"}],"wp:attachment":[{"href":"https:\/\/archive.sana.sy\/es\/index.php?rest_route=%2Fwp%2Fv2%2Fmedia&parent=320069"}],"wp:term":[{"taxonomy":"category","embeddable":true,"href":"https:\/\/archive.sana.sy\/es\/index.php?rest_route=%2Fwp%2Fv2%2Fcategories&post=320069"},{"taxonomy":"post_tag","embeddable":true,"href":"https:\/\/archive.sana.sy\/es\/index.php?rest_route=%2Fwp%2Fv2%2Ftags&post=320069"}],"curies":[{"name":"wp","href":"https:\/\/api.w.org\/{rel}","templated":true}]}}