{"id":320074,"date":"2024-01-21T13:43:44","date_gmt":"2024-01-21T10:43:44","guid":{"rendered":"https:\/\/sana.sy\/es\/?p=320074"},"modified":"2024-01-21T14:55:56","modified_gmt":"2024-01-21T11:55:56","slug":"frustran-dos-ataques-ucranianos-contra-regiones-rusas","status":"publish","type":"post","link":"https:\/\/archive.sana.sy\/es\/?p=320074","title":{"rendered":"Frustran dos ataques ucranianos contra regiones rusas"},"content":{"rendered":"<p style=\"text-align: justify;\"><span style=\"color: #800000;\"><strong>Mosc\u00fa, 21 ene (SANA) <\/strong><\/span>El ej\u00e9rcito ruso frustr\u00f3 hoy dos intentos de ataques ucranianos contra las regiones rusas de Smolensk y Oryol y derrib\u00f3 cuatro drons.<\/p>\n<p style=\"text-align: justify;\">&#8220;Se frustr\u00f3 un intento del r\u00e9gimen de Kiev de lanzar un ataque terrorista con tres drones contra el territorio de la Federaci\u00f3n de Rusia&#8221;, cit\u00f3 la agencia Sputnik\u00a0 en un comunicado del Ministerio de Defensa rusa.<\/p>\n<p style=\"text-align: justify;\">Agreg\u00f3 que los sistemas de defensa a\u00e9rea rusas frustraron tambi\u00e9n otro ataque ucraniano con un dron sobre la provincia rusa de Oryol.<\/p>\n<p style=\"text-align: justify;\">as\/rr<\/p>\n","protected":false},"excerpt":{"rendered":"<p>Mosc\u00fa, 21 ene (SANA) El ej\u00e9rcito ruso frustr\u00f3 hoy dos intentos de ataques ucranianos contra las regiones rusas de Smolensk y Oryol y derrib\u00f3 cuatro drons. &#8220;Se frustr\u00f3 un intento del r\u00e9gimen de Kiev de lanzar un ataque terrorista con tres drones contra el territorio de la Federaci\u00f3n de Rusia&#8221;, cit\u00f3 la agencia Sputnik\u00a0 en &hellip;<\/p>\n","protected":false},"author":42,"featured_media":320075,"comment_status":"closed","ping_status":"closed","sticky":false,"template":"","format":"standard","meta":{"footnotes":""},"categories":[597,456,16687,20724,7541],"tags":[],"class_list":["post-320074","post","type-post","status-publish","format-standard","has-post-thumbnail","","category-cinta-de-noticias","category-arabe-internacional-politica","category-internacionales","category-minuto-a-minuto","category-ultimas-noticias"],"_links":{"self":[{"href":"https:\/\/archive.sana.sy\/es\/index.php?rest_route=\/wp\/v2\/posts\/320074"}],"collection":[{"href":"https:\/\/archive.sana.sy\/es\/index.php?rest_route=\/wp\/v2\/posts"}],"about":[{"href":"https:\/\/archive.sana.sy\/es\/index.php?rest_route=\/wp\/v2\/types\/post"}],"author":[{"embeddable":true,"href":"https:\/\/archive.sana.sy\/es\/index.php?rest_route=\/wp\/v2\/users\/42"}],"replies":[{"embeddable":true,"href":"https:\/\/archive.sana.sy\/es\/index.php?rest_route=%2Fwp%2Fv2%2Fcomments&post=320074"}],"version-history":[{"count":3,"href":"https:\/\/archive.sana.sy\/es\/index.php?rest_route=\/wp\/v2\/posts\/320074\/revisions"}],"predecessor-version":[{"id":320085,"href":"https:\/\/archive.sana.sy\/es\/index.php?rest_route=\/wp\/v2\/posts\/320074\/revisions\/320085"}],"wp:featuredmedia":[{"embeddable":true,"href":"https:\/\/archive.sana.sy\/es\/index.php?rest_route=\/wp\/v2\/media\/320075"}],"wp:attachment":[{"href":"https:\/\/archive.sana.sy\/es\/index.php?rest_route=%2Fwp%2Fv2%2Fmedia&parent=320074"}],"wp:term":[{"taxonomy":"category","embeddable":true,"href":"https:\/\/archive.sana.sy\/es\/index.php?rest_route=%2Fwp%2Fv2%2Fcategories&post=320074"},{"taxonomy":"post_tag","embeddable":true,"href":"https:\/\/archive.sana.sy\/es\/index.php?rest_route=%2Fwp%2Fv2%2Ftags&post=320074"}],"curies":[{"name":"wp","href":"https:\/\/api.w.org\/{rel}","templated":true}]}}