{"id":320087,"date":"2024-01-21T15:48:11","date_gmt":"2024-01-21T12:48:11","guid":{"rendered":"https:\/\/sana.sy\/es\/?p=320087"},"modified":"2024-01-21T16:39:19","modified_gmt":"2024-01-21T13:39:19","slug":"25-105-muertos-y-62-681-heridos-palestinos-es-saldo-la-agresion-israeli-contra-gaza-en-107-dias","status":"publish","type":"post","link":"https:\/\/archive.sana.sy\/es\/?p=320087","title":{"rendered":"25.105 muertos y 62.681 heridos palestinos es el saldo de la agresi\u00f3n israel\u00ed contra Gaza en 107 d\u00edas"},"content":{"rendered":"<p style=\"text-align: justify;\"><span style=\"color: #800000;\"><strong>Jerusal\u00e9n ocupada, 21 ene (SANA) <\/strong><\/span>El n\u00famero de v\u00edctimas de la actual agresi\u00f3n israel\u00ed contra la Franja de Gaza desde el 7 de octubre aument\u00f3 a 25.105 muertos y 62.681 heridos.<\/p>\n<p style=\"text-align: justify;\">El Ministerio palestino de Salud inform\u00f3 mediante un comunicado que durante las \u00faltimas 24 horas, el ocupante sionista cometi\u00f3 15 masacres en la Franja de Gaza, dejando a 178 muertos y 293 heridos, lo que eleva la cifra de muertos, por 107 d\u00edas consecutivos, a 25.105 personas y la de los heridos a 62.681, adem\u00e1s de miles que a\u00fan est\u00e1n bajo los escombros y en las carreteras.<\/p>\n<p style=\"text-align: justify;\">El ente explic\u00f3 que la situaci\u00f3n sanitaria en la Franja de Gaza es catastr\u00f3fica, ya que las autoridades del ocupante estrangulan y destruyen deliberadamente el sistema de salud y siguen impidiendo la entrada de ayuda m\u00e9dica a la Franja.<\/p>\n<p style=\"text-align: justify;\">Asimismo, el Ministerio indic\u00f3 que los hospitales del sur de la Franja de Gaza no pueden proporcionar servicios sanitarios normalmente y los equipos m\u00e9dicos no pueden atender al volumen y tipo de infecciones diarias.<\/p>\n<p style=\"text-align: justify;\">Adem\u00e1s, la acumulaci\u00f3n de heridos y enfermos y a la falta de las capacidades de tratamiento en los hospitales amenaza con provocar que muchas personas pierdan la vida.<\/p>\n<p style=\"text-align: justify;\">sm<\/p>\n","protected":false},"excerpt":{"rendered":"<p>Jerusal\u00e9n ocupada, 21 ene (SANA) El n\u00famero de v\u00edctimas de la actual agresi\u00f3n israel\u00ed contra la Franja de Gaza desde el 7 de octubre aument\u00f3 a 25.105 muertos y 62.681 heridos. El Ministerio palestino de Salud inform\u00f3 mediante un comunicado que durante las \u00faltimas 24 horas, el ocupante sionista cometi\u00f3 15 masacres en la Franja &hellip;<\/p>\n","protected":false},"author":39,"featured_media":320088,"comment_status":"closed","ping_status":"closed","sticky":false,"template":"","format":"standard","meta":{"footnotes":""},"categories":[597,456,16687,20724,583],"tags":[],"class_list":["post-320087","post","type-post","status-publish","format-standard","has-post-thumbnail","","category-cinta-de-noticias","category-arabe-internacional-politica","category-internacionales","category-minuto-a-minuto","category-slide"],"_links":{"self":[{"href":"https:\/\/archive.sana.sy\/es\/index.php?rest_route=\/wp\/v2\/posts\/320087"}],"collection":[{"href":"https:\/\/archive.sana.sy\/es\/index.php?rest_route=\/wp\/v2\/posts"}],"about":[{"href":"https:\/\/archive.sana.sy\/es\/index.php?rest_route=\/wp\/v2\/types\/post"}],"author":[{"embeddable":true,"href":"https:\/\/archive.sana.sy\/es\/index.php?rest_route=\/wp\/v2\/users\/39"}],"replies":[{"embeddable":true,"href":"https:\/\/archive.sana.sy\/es\/index.php?rest_route=%2Fwp%2Fv2%2Fcomments&post=320087"}],"version-history":[{"count":4,"href":"https:\/\/archive.sana.sy\/es\/index.php?rest_route=\/wp\/v2\/posts\/320087\/revisions"}],"predecessor-version":[{"id":320098,"href":"https:\/\/archive.sana.sy\/es\/index.php?rest_route=\/wp\/v2\/posts\/320087\/revisions\/320098"}],"wp:featuredmedia":[{"embeddable":true,"href":"https:\/\/archive.sana.sy\/es\/index.php?rest_route=\/wp\/v2\/media\/320088"}],"wp:attachment":[{"href":"https:\/\/archive.sana.sy\/es\/index.php?rest_route=%2Fwp%2Fv2%2Fmedia&parent=320087"}],"wp:term":[{"taxonomy":"category","embeddable":true,"href":"https:\/\/archive.sana.sy\/es\/index.php?rest_route=%2Fwp%2Fv2%2Fcategories&post=320087"},{"taxonomy":"post_tag","embeddable":true,"href":"https:\/\/archive.sana.sy\/es\/index.php?rest_route=%2Fwp%2Fv2%2Ftags&post=320087"}],"curies":[{"name":"wp","href":"https:\/\/api.w.org\/{rel}","templated":true}]}}