{"id":320118,"date":"2024-01-21T15:30:07","date_gmt":"2024-01-21T12:30:07","guid":{"rendered":"https:\/\/sana.sy\/es\/?p=320118"},"modified":"2024-01-21T20:59:45","modified_gmt":"2024-01-21T17:59:45","slug":"siria-participa-en-la-tercera-cumbre-del-sur-en-la-capital-de-uganda-kampala","status":"publish","type":"post","link":"https:\/\/archive.sana.sy\/es\/?p=320118","title":{"rendered":"Siria participa en la Tercera Cumbre del Sur en la capital de Uganda, Kampala"},"content":{"rendered":"<p style=\"text-align: justify;\"><span style=\"color: #800000;\"><strong>Kampala, 21 ene (SANA)\u00a0 <\/strong><\/span>La Tercera Cumbre del Sur comenz\u00f3 hoy en la capital de Uganda, Kampala, con la participaci\u00f3n de la Rep\u00fablica \u00c1rabe Siria, y en presencia del Secretario General de las Naciones Unidas y del Presidente de la Asamblea General.<\/p>\n<p style=\"text-align: justify;\">Durante la inauguraci\u00f3n de la cumbre, Cuba entreg\u00f3 la presidencia del Grupo de los 77 y China a Uganda.<\/p>\n<p style=\"text-align: justify;\">El Secretario General de las Naciones Unidas, Antonio Guterres, destac\u00f3 en su discurso que los pa\u00edses del Norte deben asumir sus responsabilidades de apoyo a los pa\u00edses del Sur, especialmente en el \u00e1mbito de la reducci\u00f3n de la pobreza y la ayuda al crecimiento, y cumplir con sus obligaciones en materia del cambio clim\u00e1tico, el calentamiento global y las compensaciones.<\/p>\n<p style=\"text-align: justify;\">Respecto a la agresi\u00f3n israel\u00ed a la Franja de Gaza, Guterres dijo: \u201cIsrael provoc\u00f3 una destrucci\u00f3n masiva en la Franja de Gaza y asesin\u00f3 a palestinos all\u00ed en una escala sin precedentes, adem\u00e1s de matar a empleados de la ONU\u201d.<\/p>\n<p style=\"text-align: justify;\">Subray\u00f3 la necesidad de hacer todos los esfuerzos posibles para evitar que se estalle toda la regi\u00f3n de Oriente Medio.<\/p>\n<p>sm<\/p>\n","protected":false},"excerpt":{"rendered":"<p>Kampala, 21 ene (SANA)\u00a0 La Tercera Cumbre del Sur comenz\u00f3 hoy en la capital de Uganda, Kampala, con la participaci\u00f3n de la Rep\u00fablica \u00c1rabe Siria, y en presencia del Secretario General de las Naciones Unidas y del Presidente de la Asamblea General. Durante la inauguraci\u00f3n de la cumbre, Cuba entreg\u00f3 la presidencia del Grupo de &hellip;<\/p>\n","protected":false},"author":39,"featured_media":320119,"comment_status":"closed","ping_status":"closed","sticky":false,"template":"","format":"standard","meta":{"footnotes":""},"categories":[597,20724,467,583],"tags":[],"class_list":["post-320118","post","type-post","status-publish","format-standard","has-post-thumbnail","","category-cinta-de-noticias","category-minuto-a-minuto","category-siria-y-el-mundo","category-slide"],"_links":{"self":[{"href":"https:\/\/archive.sana.sy\/es\/index.php?rest_route=\/wp\/v2\/posts\/320118"}],"collection":[{"href":"https:\/\/archive.sana.sy\/es\/index.php?rest_route=\/wp\/v2\/posts"}],"about":[{"href":"https:\/\/archive.sana.sy\/es\/index.php?rest_route=\/wp\/v2\/types\/post"}],"author":[{"embeddable":true,"href":"https:\/\/archive.sana.sy\/es\/index.php?rest_route=\/wp\/v2\/users\/39"}],"replies":[{"embeddable":true,"href":"https:\/\/archive.sana.sy\/es\/index.php?rest_route=%2Fwp%2Fv2%2Fcomments&post=320118"}],"version-history":[{"count":1,"href":"https:\/\/archive.sana.sy\/es\/index.php?rest_route=\/wp\/v2\/posts\/320118\/revisions"}],"predecessor-version":[{"id":320120,"href":"https:\/\/archive.sana.sy\/es\/index.php?rest_route=\/wp\/v2\/posts\/320118\/revisions\/320120"}],"wp:featuredmedia":[{"embeddable":true,"href":"https:\/\/archive.sana.sy\/es\/index.php?rest_route=\/wp\/v2\/media\/320119"}],"wp:attachment":[{"href":"https:\/\/archive.sana.sy\/es\/index.php?rest_route=%2Fwp%2Fv2%2Fmedia&parent=320118"}],"wp:term":[{"taxonomy":"category","embeddable":true,"href":"https:\/\/archive.sana.sy\/es\/index.php?rest_route=%2Fwp%2Fv2%2Fcategories&post=320118"},{"taxonomy":"post_tag","embeddable":true,"href":"https:\/\/archive.sana.sy\/es\/index.php?rest_route=%2Fwp%2Fv2%2Ftags&post=320118"}],"curies":[{"name":"wp","href":"https:\/\/api.w.org\/{rel}","templated":true}]}}