{"id":32012,"date":"2015-10-21T18:20:27","date_gmt":"2015-10-21T15:20:27","guid":{"rendered":"http:\/\/sana.sy\/es\/?p=32012"},"modified":"2015-10-21T18:20:27","modified_gmt":"2015-10-21T15:20:27","slug":"rusia-eeuu-arabia-saudita-y-turquia-celebran-reunion-a-nivel-ministerial-el-proximo-viernes","status":"publish","type":"post","link":"https:\/\/archive.sana.sy\/es\/?p=32012","title":{"rendered":"Rusia, EEUU, Arabia  Saudita y Turqu\u00eda celebran reuni\u00f3n a nivel ministerial el pr\u00f3ximo viernes"},"content":{"rendered":"<p><span style=\"color: #800000\">Mosc\u00fa, SANA<\/span><\/p>\n<p>El canciller ruso, Serguei Lavrov debati\u00f3 hoy el mi\u00e9rcoles en una conversaci\u00f3n telef\u00f3nica con su hom\u00f3logo norteamericano, John Kerry los preparativos de una reuni\u00f3n entre Rusia, EEUU, Arabia Saudita y Turqu\u00eda que se desarrollar\u00e1 el pr\u00f3ximo viernes a nivel de los Ministros de Exteriores en la capital austriaca Viena con el fin de alcanzar un arreglo pol\u00edtico de la crisis en Siria.<\/p>\n<p>La Canciller\u00eda rusa se\u00f1al\u00f3 en un comunicado publicado por el sitio web del canal ruso RT que Lavrov propuso tambi\u00e9n durante la conversaci\u00f3n telef\u00f3nica, iniciativa de la parte estadounidense, la celebraci\u00f3n de otra reuni\u00f3n en el mismo d\u00eda entre \u201cRusia, EEUU la Uni\u00f3n Europea y la ONU en Viena a consecuencia de la alta tensi\u00f3n en las relaciones palestino-israel\u00edes, especialmente sobre los lugares sagrados en la ciudad de Jerusal\u00e9n\u201d.<\/p>\n<p>&nbsp;<br \/>\nLynn A.<\/p>\n","protected":false},"excerpt":{"rendered":"<p>Mosc\u00fa, SANA El canciller ruso, Serguei Lavrov debati\u00f3 hoy el mi\u00e9rcoles en una conversaci\u00f3n telef\u00f3nica con su hom\u00f3logo norteamericano, John Kerry los preparativos de una reuni\u00f3n entre Rusia, EEUU, Arabia Saudita y Turqu\u00eda que se desarrollar\u00e1 el pr\u00f3ximo viernes a nivel de los Ministros de Exteriores en la capital austriaca Viena con el fin de &hellip;<\/p>\n","protected":false},"author":24,"featured_media":5812,"comment_status":"closed","ping_status":"closed","sticky":false,"template":"","format":"standard","meta":{"footnotes":""},"categories":[597,456,457,576],"tags":[7133,7132,6695],"class_list":["post-32012","post","type-post","status-publish","format-standard","has-post-thumbnail","","category-cinta-de-noticias","category-arabe-internacional-politica","category-noticias-arabe-internacional-politica","category-noticias-politicas","tag-arabia-saudita-y-turquia-celebran-reunion-a-nivel-ministerial-el-proximo-viernes","tag-eeuu","tag-rusia"],"_links":{"self":[{"href":"https:\/\/archive.sana.sy\/es\/index.php?rest_route=\/wp\/v2\/posts\/32012"}],"collection":[{"href":"https:\/\/archive.sana.sy\/es\/index.php?rest_route=\/wp\/v2\/posts"}],"about":[{"href":"https:\/\/archive.sana.sy\/es\/index.php?rest_route=\/wp\/v2\/types\/post"}],"author":[{"embeddable":true,"href":"https:\/\/archive.sana.sy\/es\/index.php?rest_route=\/wp\/v2\/users\/24"}],"replies":[{"embeddable":true,"href":"https:\/\/archive.sana.sy\/es\/index.php?rest_route=%2Fwp%2Fv2%2Fcomments&post=32012"}],"version-history":[{"count":0,"href":"https:\/\/archive.sana.sy\/es\/index.php?rest_route=\/wp\/v2\/posts\/32012\/revisions"}],"wp:featuredmedia":[{"embeddable":true,"href":"https:\/\/archive.sana.sy\/es\/index.php?rest_route=\/wp\/v2\/media\/5812"}],"wp:attachment":[{"href":"https:\/\/archive.sana.sy\/es\/index.php?rest_route=%2Fwp%2Fv2%2Fmedia&parent=32012"}],"wp:term":[{"taxonomy":"category","embeddable":true,"href":"https:\/\/archive.sana.sy\/es\/index.php?rest_route=%2Fwp%2Fv2%2Fcategories&post=32012"},{"taxonomy":"post_tag","embeddable":true,"href":"https:\/\/archive.sana.sy\/es\/index.php?rest_route=%2Fwp%2Fv2%2Ftags&post=32012"}],"curies":[{"name":"wp","href":"https:\/\/api.w.org\/{rel}","templated":true}]}}