{"id":320121,"date":"2024-01-21T15:40:03","date_gmt":"2024-01-21T12:40:03","guid":{"rendered":"https:\/\/sana.sy\/es\/?p=320121"},"modified":"2024-01-21T20:59:16","modified_gmt":"2024-01-21T17:59:16","slug":"siria-y-cuba-analizan-relaciones-bilaterales-y-formas-de-impulsarlas","status":"publish","type":"post","link":"https:\/\/archive.sana.sy\/es\/?p=320121","title":{"rendered":"Siria y Cuba analizan relaciones bilaterales y formas de impulsarlas"},"content":{"rendered":"<p style=\"text-align: justify;\"><span style=\"color: #800000;\">Kampala, 21 (SANA)\u00a0<\/span> \u00a0El viceministro de Relaciones Exteriores y Expatriados de Siria, Bassam Sabbagh, examin\u00f3 hoy con su hom\u00f3logo cubano, Gerardo Portal, los medios de desarrollar las relaciones bilaterales entre ambos pa\u00edses.<\/p>\n<p style=\"text-align: justify;\">La reuni\u00f3n de los dos diplom\u00e1ticos tuvo lugar al margen de la Tercera Cumbre del Sur celebrada en la capital de Uganda, Kampala.<\/p>\n<p style=\"text-align: justify;\">El titular cubano reiter\u00f3 la condena de su pa\u00eds al ataque israel\u00ed contra un edificio residencial en la capital Damasco que dej\u00f3 numerosas v\u00edctimas civiles.<\/p>\n<p style=\"text-align: justify;\">Asimismo, expres\u00f3 la plena solidaridad de Cuba con Siria ante estos ataques y las sanciones occidentales impuestas.<br \/>\nA su vez, el vicecanciller sirio felicit\u00f3 a Cuba por su destacado \u00e9xito al liderar el Grupo de los 77 y China durante el a\u00f1o pasado, y elogi\u00f3 los esfuerzos que realiz\u00f3 para representar a este importante grupo y defender sus causas.<\/p>\n<p style=\"text-align: justify;\">Adem\u00e1s, ambas partes enfatizaron la necesidad de mejorar la coordinaci\u00f3n entre s\u00ed en los foros internacionales con el objetivo de garantizar la preservaci\u00f3n de sus intereses comunes.<\/p>\n<p style=\"text-align: justify;\">rr\/fm<\/p>\n","protected":false},"excerpt":{"rendered":"<p>Kampala, 21 (SANA)\u00a0 \u00a0El viceministro de Relaciones Exteriores y Expatriados de Siria, Bassam Sabbagh, examin\u00f3 hoy con su hom\u00f3logo cubano, Gerardo Portal, los medios de desarrollar las relaciones bilaterales entre ambos pa\u00edses. La reuni\u00f3n de los dos diplom\u00e1ticos tuvo lugar al margen de la Tercera Cumbre del Sur celebrada en la capital de Uganda, Kampala. &hellip;<\/p>\n","protected":false},"author":31,"featured_media":320122,"comment_status":"closed","ping_status":"closed","sticky":false,"template":"","format":"standard","meta":{"footnotes":""},"categories":[597,456,16687,583],"tags":[6868,6553],"class_list":["post-320121","post","type-post","status-publish","format-standard","has-post-thumbnail","","category-cinta-de-noticias","category-arabe-internacional-politica","category-internacionales","category-slide","tag-cuba","tag-siria"],"_links":{"self":[{"href":"https:\/\/archive.sana.sy\/es\/index.php?rest_route=\/wp\/v2\/posts\/320121"}],"collection":[{"href":"https:\/\/archive.sana.sy\/es\/index.php?rest_route=\/wp\/v2\/posts"}],"about":[{"href":"https:\/\/archive.sana.sy\/es\/index.php?rest_route=\/wp\/v2\/types\/post"}],"author":[{"embeddable":true,"href":"https:\/\/archive.sana.sy\/es\/index.php?rest_route=\/wp\/v2\/users\/31"}],"replies":[{"embeddable":true,"href":"https:\/\/archive.sana.sy\/es\/index.php?rest_route=%2Fwp%2Fv2%2Fcomments&post=320121"}],"version-history":[{"count":1,"href":"https:\/\/archive.sana.sy\/es\/index.php?rest_route=\/wp\/v2\/posts\/320121\/revisions"}],"predecessor-version":[{"id":320123,"href":"https:\/\/archive.sana.sy\/es\/index.php?rest_route=\/wp\/v2\/posts\/320121\/revisions\/320123"}],"wp:featuredmedia":[{"embeddable":true,"href":"https:\/\/archive.sana.sy\/es\/index.php?rest_route=\/wp\/v2\/media\/320122"}],"wp:attachment":[{"href":"https:\/\/archive.sana.sy\/es\/index.php?rest_route=%2Fwp%2Fv2%2Fmedia&parent=320121"}],"wp:term":[{"taxonomy":"category","embeddable":true,"href":"https:\/\/archive.sana.sy\/es\/index.php?rest_route=%2Fwp%2Fv2%2Fcategories&post=320121"},{"taxonomy":"post_tag","embeddable":true,"href":"https:\/\/archive.sana.sy\/es\/index.php?rest_route=%2Fwp%2Fv2%2Ftags&post=320121"}],"curies":[{"name":"wp","href":"https:\/\/api.w.org\/{rel}","templated":true}]}}