{"id":32015,"date":"2015-10-21T18:52:54","date_gmt":"2015-10-21T15:52:54","guid":{"rendered":"http:\/\/sana.sy\/es\/?p=32015"},"modified":"2023-01-10T15:29:05","modified_gmt":"2023-01-10T13:29:05","slug":"delegacion-economica-siria-continua-sus-reuniones-en-polonia","status":"publish","type":"post","link":"https:\/\/archive.sana.sy\/es\/?p=32015","title":{"rendered":"Delegaci\u00f3n econ\u00f3mica siria continua sus reuniones en Polonia"},"content":{"rendered":"<p><span style=\"color: #800000\">Varsovia, SANA<\/span><\/p>\n<p>La delegaci\u00f3n econ\u00f3mica siria que se encuentra actualmente en Polonia, debati\u00f3 este mi\u00e9rcoles con la vicepresidenta de la Agencia Polaca de la Comercializaci\u00f3n Agr\u00edcola la cooperaci\u00f3n bilateral en materia de la agricultura.<\/p>\n<p>La funcionaria polaca destac\u00f3 el inter\u00e9s de su organismo en abrir nuevos mercados para los productos agr\u00edcolas polacos fuera de la Uni\u00f3n Europea, haciendo alusi\u00f3n a &#8220;Siria que tiene un mercado prometedor&#8221;.<\/p>\n<p>Asimismo manifest\u00f3 la disposici\u00f3n de su agencia a\u00a0prestar su experiencia a la parte siria en el \u00e1mbito de la comercializaci\u00f3n agraria, y la dirigi\u00f3 una invitaci\u00f3n para asistir una exposici\u00f3n de los equipos agr\u00edcolas en el pr\u00f3ximo mes de marzo.<\/p>\n<p>A su vez, el presidente de la delegaci\u00f3n siria, asesor del Ministro de Industria, Nidal Fallouh se\u00f1al\u00f3 la posibilidad de establecer una cooperaci\u00f3n bilateral en el \u00e1mbito de los productos industriales y agr\u00edcolas tales como el algod\u00f3n y la remolacha, entre otros.<\/p>\n<p>Asimismo revel\u00f3 que la orientaci\u00f3n actual del Gobierno consiste en establecer f\u00e1bricas de jugo, tomando en cuenta que Siria dispone de un importante excedente de c\u00edtricos.<\/p>\n<p>Fallouh aclar\u00f3 que la situaci\u00f3n en Siria ha comenzado a normalizar, invitando a los empresarios polacos a establecer proyectos e invertir en este pa\u00eds.<\/p>\n<p>&nbsp;<br \/>\nLynn A.<\/p>\n","protected":false},"excerpt":{"rendered":"<p>Varsovia, SANA La delegaci\u00f3n econ\u00f3mica siria que se encuentra actualmente en Polonia, debati\u00f3 este mi\u00e9rcoles con la vicepresidenta de la Agencia Polaca de la Comercializaci\u00f3n Agr\u00edcola la cooperaci\u00f3n bilateral en materia de la agricultura. La funcionaria polaca destac\u00f3 el inter\u00e9s de su organismo en abrir nuevos mercados para los productos agr\u00edcolas polacos fuera de la &hellip;<\/p>\n","protected":false},"author":24,"featured_media":32016,"comment_status":"closed","ping_status":"closed","sticky":false,"template":"","format":"standard","meta":{"footnotes":""},"categories":[447,485],"tags":[7134],"class_list":["post-32015","post","type-post","status-publish","format-standard","has-post-thumbnail","","category-local-politica","category-informes-negocios-y-finanzas","tag-delegacion-economica-siria-continua-sus-reuniones-en-polonia"],"_links":{"self":[{"href":"https:\/\/archive.sana.sy\/es\/index.php?rest_route=\/wp\/v2\/posts\/32015"}],"collection":[{"href":"https:\/\/archive.sana.sy\/es\/index.php?rest_route=\/wp\/v2\/posts"}],"about":[{"href":"https:\/\/archive.sana.sy\/es\/index.php?rest_route=\/wp\/v2\/types\/post"}],"author":[{"embeddable":true,"href":"https:\/\/archive.sana.sy\/es\/index.php?rest_route=\/wp\/v2\/users\/24"}],"replies":[{"embeddable":true,"href":"https:\/\/archive.sana.sy\/es\/index.php?rest_route=%2Fwp%2Fv2%2Fcomments&post=32015"}],"version-history":[{"count":0,"href":"https:\/\/archive.sana.sy\/es\/index.php?rest_route=\/wp\/v2\/posts\/32015\/revisions"}],"wp:featuredmedia":[{"embeddable":true,"href":"https:\/\/archive.sana.sy\/es\/index.php?rest_route=\/wp\/v2\/media\/32016"}],"wp:attachment":[{"href":"https:\/\/archive.sana.sy\/es\/index.php?rest_route=%2Fwp%2Fv2%2Fmedia&parent=32015"}],"wp:term":[{"taxonomy":"category","embeddable":true,"href":"https:\/\/archive.sana.sy\/es\/index.php?rest_route=%2Fwp%2Fv2%2Fcategories&post=32015"},{"taxonomy":"post_tag","embeddable":true,"href":"https:\/\/archive.sana.sy\/es\/index.php?rest_route=%2Fwp%2Fv2%2Ftags&post=32015"}],"curies":[{"name":"wp","href":"https:\/\/api.w.org\/{rel}","templated":true}]}}