{"id":320232,"date":"2024-01-23T12:26:28","date_gmt":"2024-01-23T09:26:28","guid":{"rendered":"https:\/\/sana.sy\/es\/?p=320232"},"modified":"2024-01-23T12:26:28","modified_gmt":"2024-01-23T09:26:28","slug":"resistencia-iraqui-ataca-el-puerto-de-asdod-en-palestina-ocupada","status":"publish","type":"post","link":"https:\/\/archive.sana.sy\/es\/?p=320232","title":{"rendered":"Resistencia iraqu\u00ed ataca el puerto de Asdod en Palestina ocupada"},"content":{"rendered":"<p style=\"text-align: justify;\"><span style=\"color: #800000;\"><strong>Bagdad, 23 ene (SANA)\u00a0 \u00a0 <\/strong><\/span>La Resistencia iraqu\u00ed atac\u00f3 con drones el puerto de Asdod en Palestina ocupada, inform\u00f3 hoy la Resistencia en un comunicado.<\/p>\n<p style=\"text-align: justify;\">\u201cEn continuaci\u00f3n de nuestra resistencia a la ocupaci\u00f3n, y en respuesta a las masacres de la entidad sionista contra los civiles en Palestina, nuestros combatientes atacaron el puerto de Asdod en palestina ocupada\u201d, agreg\u00f3.<\/p>\n<p style=\"text-align: justify;\">La v\u00edspera, la Resistencia iraqu\u00ed atac\u00f3 con misiles a las fuerzas de ocupaci\u00f3n estadounidenses presentes ilegalmente en el campo de Koniko, en la zona rural de Deir Ezzor.<\/p>\n<p style=\"text-align: justify;\">rr<\/p>\n","protected":false},"excerpt":{"rendered":"<p>Bagdad, 23 ene (SANA)\u00a0 \u00a0 La Resistencia iraqu\u00ed atac\u00f3 con drones el puerto de Asdod en Palestina ocupada, inform\u00f3 hoy la Resistencia en un comunicado. \u201cEn continuaci\u00f3n de nuestra resistencia a la ocupaci\u00f3n, y en respuesta a las masacres de la entidad sionista contra los civiles en Palestina, nuestros combatientes atacaron el puerto de Asdod &hellip;<\/p>\n","protected":false},"author":31,"featured_media":320233,"comment_status":"closed","ping_status":"closed","sticky":false,"template":"","format":"standard","meta":{"footnotes":""},"categories":[597,456,16687],"tags":[5835,1494,20369,6553],"class_list":["post-320232","post","type-post","status-publish","format-standard","has-post-thumbnail","","category-cinta-de-noticias","category-arabe-internacional-politica","category-internacionales","tag-iraq","tag-palestina","tag-resistencia","tag-siria"],"_links":{"self":[{"href":"https:\/\/archive.sana.sy\/es\/index.php?rest_route=\/wp\/v2\/posts\/320232"}],"collection":[{"href":"https:\/\/archive.sana.sy\/es\/index.php?rest_route=\/wp\/v2\/posts"}],"about":[{"href":"https:\/\/archive.sana.sy\/es\/index.php?rest_route=\/wp\/v2\/types\/post"}],"author":[{"embeddable":true,"href":"https:\/\/archive.sana.sy\/es\/index.php?rest_route=\/wp\/v2\/users\/31"}],"replies":[{"embeddable":true,"href":"https:\/\/archive.sana.sy\/es\/index.php?rest_route=%2Fwp%2Fv2%2Fcomments&post=320232"}],"version-history":[{"count":1,"href":"https:\/\/archive.sana.sy\/es\/index.php?rest_route=\/wp\/v2\/posts\/320232\/revisions"}],"predecessor-version":[{"id":320234,"href":"https:\/\/archive.sana.sy\/es\/index.php?rest_route=\/wp\/v2\/posts\/320232\/revisions\/320234"}],"wp:featuredmedia":[{"embeddable":true,"href":"https:\/\/archive.sana.sy\/es\/index.php?rest_route=\/wp\/v2\/media\/320233"}],"wp:attachment":[{"href":"https:\/\/archive.sana.sy\/es\/index.php?rest_route=%2Fwp%2Fv2%2Fmedia&parent=320232"}],"wp:term":[{"taxonomy":"category","embeddable":true,"href":"https:\/\/archive.sana.sy\/es\/index.php?rest_route=%2Fwp%2Fv2%2Fcategories&post=320232"},{"taxonomy":"post_tag","embeddable":true,"href":"https:\/\/archive.sana.sy\/es\/index.php?rest_route=%2Fwp%2Fv2%2Ftags&post=320232"}],"curies":[{"name":"wp","href":"https:\/\/api.w.org\/{rel}","templated":true}]}}