{"id":320235,"date":"2024-01-23T12:33:58","date_gmt":"2024-01-23T09:33:58","guid":{"rendered":"https:\/\/sana.sy\/es\/?p=320235"},"modified":"2024-01-23T12:54:17","modified_gmt":"2024-01-23T09:54:17","slug":"ministerio-de-salud-palestino-la-cifra-de-victimas-de-la-actual-agresion-israeli-contra-la-franja-de-gaza-aumenta-por-el-109o-dia-a-25-490-muertos-y-63-354-heridos","status":"publish","type":"post","link":"https:\/\/archive.sana.sy\/es\/?p=320235","title":{"rendered":"Ministerio de Salud palestino: La cifra de v\u00edctimas de la actual agresi\u00f3n israel\u00ed contra la Franja de Gaza aumenta, por el 109 d\u00eda, a 25.490 muertos y 63.354 heridos."},"content":{"rendered":"","protected":false},"excerpt":{"rendered":"","protected":false},"author":32,"featured_media":0,"comment_status":"closed","ping_status":"closed","sticky":false,"template":"","format":"standard","meta":{"footnotes":""},"categories":[20724,596],"tags":[],"class_list":["post-320235","post","type-post","status-publish","format-standard","","category-minuto-a-minuto","category-urgente"],"_links":{"self":[{"href":"https:\/\/archive.sana.sy\/es\/index.php?rest_route=\/wp\/v2\/posts\/320235"}],"collection":[{"href":"https:\/\/archive.sana.sy\/es\/index.php?rest_route=\/wp\/v2\/posts"}],"about":[{"href":"https:\/\/archive.sana.sy\/es\/index.php?rest_route=\/wp\/v2\/types\/post"}],"author":[{"embeddable":true,"href":"https:\/\/archive.sana.sy\/es\/index.php?rest_route=\/wp\/v2\/users\/32"}],"replies":[{"embeddable":true,"href":"https:\/\/archive.sana.sy\/es\/index.php?rest_route=%2Fwp%2Fv2%2Fcomments&post=320235"}],"version-history":[{"count":2,"href":"https:\/\/archive.sana.sy\/es\/index.php?rest_route=\/wp\/v2\/posts\/320235\/revisions"}],"predecessor-version":[{"id":320240,"href":"https:\/\/archive.sana.sy\/es\/index.php?rest_route=\/wp\/v2\/posts\/320235\/revisions\/320240"}],"wp:attachment":[{"href":"https:\/\/archive.sana.sy\/es\/index.php?rest_route=%2Fwp%2Fv2%2Fmedia&parent=320235"}],"wp:term":[{"taxonomy":"category","embeddable":true,"href":"https:\/\/archive.sana.sy\/es\/index.php?rest_route=%2Fwp%2Fv2%2Fcategories&post=320235"},{"taxonomy":"post_tag","embeddable":true,"href":"https:\/\/archive.sana.sy\/es\/index.php?rest_route=%2Fwp%2Fv2%2Ftags&post=320235"}],"curies":[{"name":"wp","href":"https:\/\/api.w.org\/{rel}","templated":true}]}}