{"id":320264,"date":"2024-01-23T15:25:45","date_gmt":"2024-01-23T12:25:45","guid":{"rendered":"https:\/\/sana.sy\/es\/?p=320264"},"modified":"2024-01-23T18:11:07","modified_gmt":"2024-01-23T15:11:07","slug":"israel-reconoce-la-muerte-de-24-soldados-en-gaza","status":"publish","type":"post","link":"https:\/\/archive.sana.sy\/es\/?p=320264","title":{"rendered":"\u201cIsrael\u201d reconoce la muerte de 24 soldados en Gaza \u00a0"},"content":{"rendered":"<p style=\"text-align: justify;\"><span style=\"color: #800000;\"><strong>Jerusal\u00e9n ocupada, 23 ene (SANA)\u00a0 \u00a0<\/strong><\/span>El ocupante israel\u00ed reconoci\u00f3 hoy la muerte de 24 oficiales y soldados en las \u00faltimas horas, durante los enfrentamientos con la Resistencia palestina en la Franja de Gaza.<\/p>\n<p style=\"text-align: justify;\">Por lo tanto, el n\u00famero de muertos reconocidos por la ocupaci\u00f3n desde el inicio de su incursi\u00f3n terrestre en la Franja de Gaza asciende a 222, adem\u00e1s de miles de heridos.<\/p>\n<p style=\"text-align: justify;\">La entidad sionista oculta las cifras de sus muertos y no reconoce sus p\u00e9rdidas reales durante los enfrentamientos con la Resistencia palestina que mata e hiere diariamente a decenas de soldados israel\u00edes.<\/p>\n<p style=\"text-align: justify;\">rr<\/p>\n","protected":false},"excerpt":{"rendered":"<p>Jerusal\u00e9n ocupada, 23 ene (SANA)\u00a0 \u00a0El ocupante israel\u00ed reconoci\u00f3 hoy la muerte de 24 oficiales y soldados en las \u00faltimas horas, durante los enfrentamientos con la Resistencia palestina en la Franja de Gaza. Por lo tanto, el n\u00famero de muertos reconocidos por la ocupaci\u00f3n desde el inicio de su incursi\u00f3n terrestre en la Franja de &hellip;<\/p>\n","protected":false},"author":31,"featured_media":320265,"comment_status":"closed","ping_status":"closed","sticky":false,"template":"","format":"standard","meta":{"footnotes":""},"categories":[597,456,16687,7541],"tags":[],"class_list":["post-320264","post","type-post","status-publish","format-standard","has-post-thumbnail","","category-cinta-de-noticias","category-arabe-internacional-politica","category-internacionales","category-ultimas-noticias"],"_links":{"self":[{"href":"https:\/\/archive.sana.sy\/es\/index.php?rest_route=\/wp\/v2\/posts\/320264"}],"collection":[{"href":"https:\/\/archive.sana.sy\/es\/index.php?rest_route=\/wp\/v2\/posts"}],"about":[{"href":"https:\/\/archive.sana.sy\/es\/index.php?rest_route=\/wp\/v2\/types\/post"}],"author":[{"embeddable":true,"href":"https:\/\/archive.sana.sy\/es\/index.php?rest_route=\/wp\/v2\/users\/31"}],"replies":[{"embeddable":true,"href":"https:\/\/archive.sana.sy\/es\/index.php?rest_route=%2Fwp%2Fv2%2Fcomments&post=320264"}],"version-history":[{"count":2,"href":"https:\/\/archive.sana.sy\/es\/index.php?rest_route=\/wp\/v2\/posts\/320264\/revisions"}],"predecessor-version":[{"id":320269,"href":"https:\/\/archive.sana.sy\/es\/index.php?rest_route=\/wp\/v2\/posts\/320264\/revisions\/320269"}],"wp:featuredmedia":[{"embeddable":true,"href":"https:\/\/archive.sana.sy\/es\/index.php?rest_route=\/wp\/v2\/media\/320265"}],"wp:attachment":[{"href":"https:\/\/archive.sana.sy\/es\/index.php?rest_route=%2Fwp%2Fv2%2Fmedia&parent=320264"}],"wp:term":[{"taxonomy":"category","embeddable":true,"href":"https:\/\/archive.sana.sy\/es\/index.php?rest_route=%2Fwp%2Fv2%2Fcategories&post=320264"},{"taxonomy":"post_tag","embeddable":true,"href":"https:\/\/archive.sana.sy\/es\/index.php?rest_route=%2Fwp%2Fv2%2Ftags&post=320264"}],"curies":[{"name":"wp","href":"https:\/\/api.w.org\/{rel}","templated":true}]}}