{"id":320335,"date":"2024-01-24T08:44:20","date_gmt":"2024-01-24T05:44:20","guid":{"rendered":"https:\/\/sana.sy\/es\/?p=320335"},"modified":"2024-01-24T08:57:38","modified_gmt":"2024-01-24T05:57:38","slug":"comienza-reunion-internacional-de-astana-sobre-siria","status":"publish","type":"post","link":"https:\/\/archive.sana.sy\/es\/?p=320335","title":{"rendered":"Comienza Reuni\u00f3n Internacional de Astan\u00e1 sobre Siria"},"content":{"rendered":"<p style=\"text-align: justify;\"><span style=\"color: #800000;\"><strong>Astan\u00e1, 24 ene (SANA)\u00a0<\/strong> <\/span>La XXI Reuni\u00f3n Internacional sobre Siria comenz\u00f3 esta ma\u00f1ana en la capital kazaja de acuerdo a la f\u00f3rmula de Astan\u00e1.<\/p>\n<p style=\"text-align: justify;\">En la reuni\u00f3n participan la delegaci\u00f3n de la Rep\u00fablica \u00c1rabe Siria, encabezada por el viceministro de Asuntos Exteriores y Expatriados, Bassam Sabbagh, y las delegaciones de los pa\u00edses garantes del Proceso de Astan\u00e1 (Rusia, Ir\u00e1n y Turqu\u00eda).<\/p>\n<p style=\"text-align: justify;\">La delegaci\u00f3n rusa est\u00e1 presidida por el enviado especial del presidente Putin a Siria, Alexander Lavrentiev, mientas que la delegaci\u00f3n iran\u00ed est\u00e1 encabezada por el viceministro de Relaciones Exteriores, Ali Asghar Khaji, adem\u00e1s de una representaci\u00f3n de las Naciones Unidas liderada por el enviado especial adjunto del Secretario General para Siria, Najat Rushdi.<\/p>\n<p style=\"text-align: justify;\">La reuni\u00f3n tendr\u00e1 una duraci\u00f3n de dos d\u00edas y, adem\u00e1s de las delegaciones de los pa\u00edses garantes, participar\u00e1n como observadores representantes de los pa\u00edses vecinos L\u00edbano, Irak y Jordania, as\u00ed como representantes de la ONU, el Alto Comisionado para los Refugiados y el Comit\u00e9 Internacional de la Cruz Roja.<\/p>\n<p style=\"text-align: justify;\">El Ministerio de Asuntos Exteriores de Kazajst\u00e1n hab\u00eda informado que los debates de la reuni\u00f3n abordar\u00e1n los \u00faltimos acontecimientos regionales en los alrededores de Siria, los esfuerzos para resolver la crisis, la situaci\u00f3n humanitaria all\u00ed y la movilizaci\u00f3n de los esfuerzos de la comunidad internacional para contribuir a la reconstrucci\u00f3n del pa\u00eds.<\/p>\n<p style=\"text-align: justify;\">sm<\/p>\n","protected":false},"excerpt":{"rendered":"<p>Astan\u00e1, 24 ene (SANA)\u00a0 La XXI Reuni\u00f3n Internacional sobre Siria comenz\u00f3 esta ma\u00f1ana en la capital kazaja de acuerdo a la f\u00f3rmula de Astan\u00e1. En la reuni\u00f3n participan la delegaci\u00f3n de la Rep\u00fablica \u00c1rabe Siria, encabezada por el viceministro de Asuntos Exteriores y Expatriados, Bassam Sabbagh, y las delegaciones de los pa\u00edses garantes del Proceso &hellip;<\/p>\n","protected":false},"author":39,"featured_media":320336,"comment_status":"closed","ping_status":"closed","sticky":false,"template":"","format":"standard","meta":{"footnotes":""},"categories":[597,20724,467,583],"tags":[],"class_list":["post-320335","post","type-post","status-publish","format-standard","has-post-thumbnail","","category-cinta-de-noticias","category-minuto-a-minuto","category-siria-y-el-mundo","category-slide"],"_links":{"self":[{"href":"https:\/\/archive.sana.sy\/es\/index.php?rest_route=\/wp\/v2\/posts\/320335"}],"collection":[{"href":"https:\/\/archive.sana.sy\/es\/index.php?rest_route=\/wp\/v2\/posts"}],"about":[{"href":"https:\/\/archive.sana.sy\/es\/index.php?rest_route=\/wp\/v2\/types\/post"}],"author":[{"embeddable":true,"href":"https:\/\/archive.sana.sy\/es\/index.php?rest_route=\/wp\/v2\/users\/39"}],"replies":[{"embeddable":true,"href":"https:\/\/archive.sana.sy\/es\/index.php?rest_route=%2Fwp%2Fv2%2Fcomments&post=320335"}],"version-history":[{"count":4,"href":"https:\/\/archive.sana.sy\/es\/index.php?rest_route=\/wp\/v2\/posts\/320335\/revisions"}],"predecessor-version":[{"id":320340,"href":"https:\/\/archive.sana.sy\/es\/index.php?rest_route=\/wp\/v2\/posts\/320335\/revisions\/320340"}],"wp:featuredmedia":[{"embeddable":true,"href":"https:\/\/archive.sana.sy\/es\/index.php?rest_route=\/wp\/v2\/media\/320336"}],"wp:attachment":[{"href":"https:\/\/archive.sana.sy\/es\/index.php?rest_route=%2Fwp%2Fv2%2Fmedia&parent=320335"}],"wp:term":[{"taxonomy":"category","embeddable":true,"href":"https:\/\/archive.sana.sy\/es\/index.php?rest_route=%2Fwp%2Fv2%2Fcategories&post=320335"},{"taxonomy":"post_tag","embeddable":true,"href":"https:\/\/archive.sana.sy\/es\/index.php?rest_route=%2Fwp%2Fv2%2Ftags&post=320335"}],"curies":[{"name":"wp","href":"https:\/\/api.w.org\/{rel}","templated":true}]}}